{"id":59284,"date":"2026-05-01T07:23:56","date_gmt":"2026-05-01T05:23:56","guid":{"rendered":"https:\/\/alertes-meteo.com\/?p=59284"},"modified":"2026-05-01T07:23:56","modified_gmt":"2026-05-01T05:23:56","slug":"previsions-meteo-du-vendredi-1er-mai-2026-orages-en-approche-et-chaleur-estivale","status":"publish","type":"post","link":"https:\/\/alertes-meteo.com\/index.php\/2026\/05\/01\/previsions-meteo-du-vendredi-1er-mai-2026-orages-en-approche-et-chaleur-estivale\/","title":{"rendered":"Pr\u00e9visions M\u00e9t\u00e9o du vendredi 1er Mai 2026 &#8211; Orages en approche et chaleur estivale"},"content":{"rendered":"<h2 class=\"my-2 [&amp;+p]:mt-4 [&amp;_strong:has(+br)]:inline-block [&amp;_strong:has(+br)]:pb-2\">M\u00e9t\u00e9o du jour (vendredi 1 mai 2026)<\/h2>\n<p class=\"my-2 [&amp;+p]:mt-4 [&amp;_strong:has(+br)]:inline-block [&amp;_strong:has(+br)]:pb-2\">\u26a0\ufe0f Vigilance du jour : Le centre et l&rsquo;ouest du territoire subissent un fort risque d&rsquo;orages.<br \/>\n+\ud83e\udd73 F\u00eate du Travail<br \/>\n-&gt; Dicton du jour : Pluie de mai donne du pain pour toute l&rsquo;ann\u00e9e.<br \/>\nCoucher du soleil : 21h06<br \/>\nOn gagne 3 minutes. Dur\u00e9e du jour : 14h30<\/p>\n<p class=\"my-2 [&amp;+p]:mt-4 [&amp;_strong:has(+br)]:inline-block [&amp;_strong:has(+br)]:pb-2\"><strong>M\u00e9t\u00e9o du jour :<\/strong><br \/>\nLe soleil domine largement sur le nord-est du pays. Les nuages envahissent le territoire des Pyr\u00e9n\u00e9es jusqu&rsquo;\u00e0 la Beauce. Des averses touchent le Limousin et le Poitou d\u00e8s ce matin. L&rsquo;instabilit\u00e9 de l&rsquo;air augmente nettement au cours de cette apr\u00e8s-midi. Des orages \u00e9clatent de la r\u00e9gion Auvergne jusqu&rsquo;\u00e0 la Normandie. Ils atteignent le secteur de l&rsquo;Ile-de-France durant la fin de journ\u00e9e. Ces orages intenses apportent des pluies fortes et de la gr\u00eale. Les temp\u00e9ratures estivales d\u00e9passent souvent 25 degr\u00e9s sur notre territoire.<\/p>\n<p class=\"my-2 [&amp;+p]:mt-4 [&amp;_strong:has(+br)]:inline-block [&amp;_strong:has(+br)]:pb-2\"><strong>Tendance m\u00e9t\u00e9o : Le retour brutal des orages<\/strong><br \/>\nUne forte d\u00e9gradation orageuse balaye la moiti\u00e9 ouest du pays samedi. Ces orages violents gagnent l&rsquo;est du territoire au cours de dimanche. Le temps devient tr\u00e8s instable en d\u00e9but de semaine prochaine. De nombreuses averses orageuses arrosent presque toutes nos belles r\u00e9gions. Le nord et l&rsquo;ouest profitent d&rsquo;une belle am\u00e9lioration mercredi. Mais une nouvelle perturbation apporte de la pluie en fin de semaine.<\/p>\n<p><img decoding=\"async\" class=\"lazyload alignnone size-full wp-image-59286\" src=\"https:\/\/alertes-meteo.com\/wp-content\/uploads\/2026\/05\/export-1777612453695.png\" data-orig-src=\"https:\/\/alertes-meteo.com\/wp-content\/uploads\/2026\/05\/export-1777612453695.png\" alt=\"\" width=\"880\" height=\"656\" srcset=\"data:image\/svg+xml,%3Csvg%20xmlns%3D%27http%3A%2F%2Fwww.w3.org%2F2000%2Fsvg%27%20width%3D%27880%27%20height%3D%27656%27%20viewBox%3D%270%200%20880%20656%27%3E%3Crect%20width%3D%27880%27%20height%3D%27656%27%20fill-opacity%3D%220%22%2F%3E%3C%2Fsvg%3E\" data-srcset=\"https:\/\/alertes-meteo.com\/wp-content\/uploads\/2026\/05\/export-1777612453695-200x149.png 200w, https:\/\/alertes-meteo.com\/wp-content\/uploads\/2026\/05\/export-1777612453695-300x224.png 300w, https:\/\/alertes-meteo.com\/wp-content\/uploads\/2026\/05\/export-1777612453695-400x298.png 400w, https:\/\/alertes-meteo.com\/wp-content\/uploads\/2026\/05\/export-1777612453695-600x447.png 600w, https:\/\/alertes-meteo.com\/wp-content\/uploads\/2026\/05\/export-1777612453695-768x573.png 768w, https:\/\/alertes-meteo.com\/wp-content\/uploads\/2026\/05\/export-1777612453695-800x596.png 800w, https:\/\/alertes-meteo.com\/wp-content\/uploads\/2026\/05\/export-1777612453695.png 880w\" data-sizes=\"auto\" data-orig-sizes=\"(max-width: 880px) 100vw, 880px\" \/><\/p>\n<p>&nbsp;<\/p>\n<p class=\"my-2 [&amp;+p]:mt-4 [&amp;_strong:has(+br)]:inline-block [&amp;_strong:has(+br)]:pb-2\">\u2022 Vigilances en cours :<br \/>\n\ud83d\udfe1 orages : Aisne, Allier, Ari\u00e8ge, Aube, Calvados, Charente, Charente Maritime, Cher, C\u00f4te d&rsquo;Or, Creuse, Eure, Eure et Loir, Haute Garonne, Gironde, Indre, Indre et Loire, Landes, Loir et Cher, Loire, Loiret, Marne, Ni\u00e8vre, Nord, Oise, Orne, Pas de Calais, Puy de D\u00f4me, Pyr\u00e9n\u00e9es Atlantiques, Hautes Pyr\u00e9n\u00e9es, Sa\u00f4ne et Loire, Sarthe, Paris, Seine Maritime, Seine et Marne, Yvelines, Deux S\u00e8vres, Somme, Vienne, Yonne, Essonne, Hauts de Seine, Seine St Denis, Val de Marne, Val d&rsquo;Oise.<\/p>\n<p>\ud83c\udf21\ufe0f Les extr\u00eames des derni\u00e8res heures : 0,5\u00b0C \u00e0 Rupt-sur-Moselle (88) et 28,6\u00b0C \u00e0 Saint-Florent-sur-Cher (18).<br \/>\n\ud83d\udca7 Pluie record derni\u00e8res heures : 43 mm \u00e0 Selonnet (04).<\/p>\n<p>Ce service propose des bulletins m\u00e9t\u00e9orologiques pr\u00e9cis, des analyses de masses d&rsquo;air et des pr\u00e9visions de temp\u00e9ratures \u00e0 court et moyen terme. Nous synth\u00e9tisons les donn\u00e9es atmosph\u00e9riques pour fournir des informations locales claires et fiables.<\/p>\n<p><a href=\"https:\/\/alertes-meteo.com\/index.php\/contact\/\">Contact<\/a><\/p>\n","protected":false},"excerpt":{"rendered":"<p>M\u00e9t\u00e9o du jour (vendredi 1 mai 2026) \u26a0\ufe0f Vigilance du  [&#8230;]<\/p>\n","protected":false},"author":1,"featured_media":59286,"comment_status":"closed","ping_status":"closed","sticky":false,"template":"","format":"standard","meta":{"_seopress_robots_primary_cat":"none","_seopress_titles_title":"Point m\u00e9t\u00e9o en France du vendredi 1er mai 2026 - www.alertes-meteo.com","_seopress_titles_desc":"Consultez les pr\u00e9visions m\u00e9t\u00e9o en France. Carte de vigilance, temp\u00e9ratures maximales, le risque d'orage, de pluie, de neige et les tendances m\u00e9t\u00e9o pour la France","_seopress_robots_index":"","footnotes":""},"categories":[80,152,147],"tags":[],"class_list":["post-59284","post","type-post","status-publish","format-standard","has-post-thumbnail","hentry","category-actualite","category-alertes","category-previsions-meteo-france"],"_links":{"self":[{"href":"https:\/\/alertes-meteo.com\/index.php\/wp-json\/wp\/v2\/posts\/59284","targetHints":{"allow":["GET"]}}],"collection":[{"href":"https:\/\/alertes-meteo.com\/index.php\/wp-json\/wp\/v2\/posts"}],"about":[{"href":"https:\/\/alertes-meteo.com\/index.php\/wp-json\/wp\/v2\/types\/post"}],"author":[{"embeddable":true,"href":"https:\/\/alertes-meteo.com\/index.php\/wp-json\/wp\/v2\/users\/1"}],"replies":[{"embeddable":true,"href":"https:\/\/alertes-meteo.com\/index.php\/wp-json\/wp\/v2\/comments?post=59284"}],"version-history":[{"count":3,"href":"https:\/\/alertes-meteo.com\/index.php\/wp-json\/wp\/v2\/posts\/59284\/revisions"}],"predecessor-version":[{"id":59288,"href":"https:\/\/alertes-meteo.com\/index.php\/wp-json\/wp\/v2\/posts\/59284\/revisions\/59288"}],"wp:featuredmedia":[{"embeddable":true,"href":"https:\/\/alertes-meteo.com\/index.php\/wp-json\/wp\/v2\/media\/59286"}],"wp:attachment":[{"href":"https:\/\/alertes-meteo.com\/index.php\/wp-json\/wp\/v2\/media?parent=59284"}],"wp:term":[{"taxonomy":"category","embeddable":true,"href":"https:\/\/alertes-meteo.com\/index.php\/wp-json\/wp\/v2\/categories?post=59284"},{"taxonomy":"post_tag","embeddable":true,"href":"https:\/\/alertes-meteo.com\/index.php\/wp-json\/wp\/v2\/tags?post=59284"}],"curies":[{"name":"wp","href":"https:\/\/api.w.org\/{rel}","templated":true}]}}