{"id":59279,"date":"2026-04-30T17:32:47","date_gmt":"2026-04-30T15:32:47","guid":{"rendered":"https:\/\/alertes-meteo.com\/?p=59279"},"modified":"2026-04-30T08:40:50","modified_gmt":"2026-04-30T06:40:50","slug":"point-meteo-du-vendredi-1-mai-2026-dans-les-pyrenees-orientales","status":"publish","type":"post","link":"https:\/\/alertes-meteo.com\/index.php\/2026\/04\/30\/point-meteo-du-vendredi-1-mai-2026-dans-les-pyrenees-orientales\/","title":{"rendered":"Point m\u00e9t\u00e9o du vendredi 1 mai 2026 dans les Pyr\u00e9n\u00e9es-Orientales &#8211;"},"content":{"rendered":"<div class=\"\" data-block=\"true\" data-editor=\"aetu0\" data-offset-key=\"8q9q4-0-0\">\n<div class=\"_1mf _1mj\" data-offset-key=\"8q9q4-0-0\">\n<div class=\"response-container-content ng-tns-c982642397-25 has-thoughts\">\n<div class=\"response-content ng-tns-c982642397-25\">\n<div class=\"container\">\n<div id=\"model-response-message-contentr_e64bd5e8882ce950\" class=\"markdown markdown-main-panel stronger enable-updated-hr-color\" dir=\"ltr\" aria-live=\"polite\" aria-busy=\"false\">\n<h2 class=\"my-2 [&amp;+p]:mt-4 [&amp;_strong:has(+br)]:inline-block [&amp;_strong:has(+br)]:pb-2\">Pr\u00e9visionM\u00e9t\u00e9o \u27a1\ufe0f PYR\u00c9N\u00c9ES-ORIENTALES : Soleil voil\u00e9 et vent &#8211;<\/h2>\n<p class=\"my-2 [&amp;+p]:mt-4 [&amp;_strong:has(+br)]:inline-block [&amp;_strong:has(+br)]:pb-2\">\n\ud83d\udcc6 vendredi 1 mai 2026<br \/>\n\ud83d\ude07 Nous f\u00eatons les J\u00e9r\u00e9mie<br \/>\n\ud83c\udf08 Dicton m\u00e9t\u00e9o du jour : \u00ab Quand il pleut la premi\u00e8re nuit de mai, il n&rsquo;y aura pas de cerises. \u00bb<br \/>\n\ud83e\udd73 Que c\u00e9l\u00e8bre-t-on : F\u00eate du Travail<br \/>\n121\u00e8me jour de l\u2019ann\u00e9e 2026 et 244 jours restants.<\/p>\n<p class=\"my-2 [&amp;+p]:mt-4 [&amp;_strong:has(+br)]:inline-block [&amp;_strong:has(+br)]:pb-2\">\u2601\ufe0fM\u00c9T\u00c9O DU JOUR\u26c5\ufe0f<br \/>\nPour cette journ\u00e9e de vendredi, le temps reste calme avec un soleil voil\u00e9 sur la plaine, tandis que le ciel devient plus nuageux en montagne avec un risque d&rsquo;averses orageuses pour la deuxi\u00e8me partie de cette journ\u00e9e. Pour la nuit suivante, le ciel est \u00e9toil\u00e9 avec simplement quelques passages nuageux. Le vent s&rsquo;oriente \u00e0 l&rsquo;Est-Sud-Est et devient assez fort sur la plaine du Roussillon l&rsquo;apr\u00e8s-midi, avec des rafales comprises entre 40 et 50 km\/h. Les temp\u00e9ratures minimales \u00e9voluent de 11 \u00e0 14\u00b0C, et de 6 \u00e0 7\u00b0C en haute montagne. Les temp\u00e9ratures maximales sont comprises de 18 \u00e0 21\u00b0C, et de 14 \u00e0 16\u00b0C en haute montagne.<\/p>\n<p><img decoding=\"async\" class=\"lazyload alignnone size-full wp-image-59280\" src=\"https:\/\/alertes-meteo.com\/wp-content\/uploads\/2026\/04\/01-Mai2026.jpg\" data-orig-src=\"https:\/\/alertes-meteo.com\/wp-content\/uploads\/2026\/04\/01-Mai2026.jpg\" alt=\"\" width=\"1065\" height=\"794\" srcset=\"data:image\/svg+xml,%3Csvg%20xmlns%3D%27http%3A%2F%2Fwww.w3.org%2F2000%2Fsvg%27%20width%3D%271065%27%20height%3D%27794%27%20viewBox%3D%270%200%201065%20794%27%3E%3Crect%20width%3D%271065%27%20height%3D%27794%27%20fill-opacity%3D%220%22%2F%3E%3C%2Fsvg%3E\" data-srcset=\"https:\/\/alertes-meteo.com\/wp-content\/uploads\/2026\/04\/01-Mai2026-200x149.jpg 200w, https:\/\/alertes-meteo.com\/wp-content\/uploads\/2026\/04\/01-Mai2026-300x224.jpg 300w, https:\/\/alertes-meteo.com\/wp-content\/uploads\/2026\/04\/01-Mai2026-400x298.jpg 400w, https:\/\/alertes-meteo.com\/wp-content\/uploads\/2026\/04\/01-Mai2026-600x447.jpg 600w, https:\/\/alertes-meteo.com\/wp-content\/uploads\/2026\/04\/01-Mai2026-768x573.jpg 768w, https:\/\/alertes-meteo.com\/wp-content\/uploads\/2026\/04\/01-Mai2026-800x596.jpg 800w, https:\/\/alertes-meteo.com\/wp-content\/uploads\/2026\/04\/01-Mai2026-1024x763.jpg 1024w, https:\/\/alertes-meteo.com\/wp-content\/uploads\/2026\/04\/01-Mai2026.jpg 1065w\" data-sizes=\"auto\" data-orig-sizes=\"(max-width: 1065px) 100vw, 1065px\" \/><\/p>\n<p class=\"my-2 [&amp;+p]:mt-4 [&amp;_strong:has(+br)]:inline-block [&amp;_strong:has(+br)]:pb-2\">\ud83c\udf0a\u00c9tat de la mer :<br \/>\nPour cette journ\u00e9e de vendredi, le vent marin souffle de secteur Est force 2 \u00e0 4, puis fra\u00eechit au Sud \u00e0 Sud-Est force 4 \u00e0 5 pour la deuxi\u00e8me partie de cette journ\u00e9e. La mer est peu agit\u00e9e \u00e0 agit\u00e9e, devenant agit\u00e9e par la suite. La houle d&rsquo;Est \u00e0 Sud-Est est comprise entre 1 et 1.5 m. Le ciel reste voil\u00e9, mais la visibilit\u00e9 est bonne.<\/p>\n<p class=\"my-2 [&amp;+p]:mt-4 [&amp;_strong:has(+br)]:inline-block [&amp;_strong:has(+br)]:pb-2\">\ud83c\udf21\ufe0fTemp\u00e9ratures mer : 16\u00b0C<\/p>\n<p class=\"my-2 [&amp;+p]:mt-4 [&amp;_strong:has(+br)]:inline-block [&amp;_strong:has(+br)]:pb-2\">\ud83e\udd27 ALLERGIES<\/p>\n<p class=\"my-2 [&amp;+p]:mt-4 [&amp;_strong:has(+br)]:inline-block [&amp;_strong:has(+br)]:pb-2\">Surveillez les pollens ! En ce mois de mai, le risque est particuli\u00e8rement marqu\u00e9 concernant les pollens de gramin\u00e9es et de ch\u00eane dans les Pyr\u00e9n\u00e9es-Orientales. Consultez la carte journali\u00e8re sur le site d&rsquo;Atmo Occitanie pour votre commune. \ud83c\udf3f<\/p>\n<p class=\"my-2 [&amp;+p]:mt-4 [&amp;_strong:has(+br)]:inline-block [&amp;_strong:has(+br)]:pb-2\">\ud83c\udf05Lever du Soleil : 06h42<br \/>\n\ud83c\udf19Coucher du soleil : 20h48 &#8211; Soit une dur\u00e9e du jour de 14h06<br \/>\n\ud83c\udf14C&rsquo;est la pleine lune \u00e0 100%<\/p>\n<p class=\"my-2 [&amp;+p]:mt-4 [&amp;_strong:has(+br)]:inline-block [&amp;_strong:has(+br)]:pb-2\">\ud83d\udcca Normales du jour : mini : 9,7\u00b0C \/ maxi : 18,7\u00b0C (normales mensuelles d\u2019avril 1991-2020)<\/p>\n<\/div>\n<\/div>\n<\/div>\n<\/div>\n<\/div>\n<\/div>\n<div class=\"\" data-block=\"true\" data-editor=\"3g906\" data-offset-key=\"eoslk-0-0\">\n<div class=\"_1mf _1mj\" data-offset-key=\"eoslk-0-0\"><span data-offset-key=\"eoslk-0-0\">Franck<\/span><\/div>\n<\/div>\n<div class=\"\" data-block=\"true\" data-editor=\"3g906\" data-offset-key=\"ck64l-0-0\">\n<div class=\"_1mf _1mj\" data-offset-key=\"ck64l-0-0\"><span data-offset-key=\"ck64l-0-0\">M\u00e9t\u00e9o.PaysCatalan<\/span><\/div>\n<\/div>\n<div class=\"\" data-block=\"true\" data-editor=\"3g906\" data-offset-key=\"8n1vi-0-0\">\n<div class=\"_1mf _1mj\" data-offset-key=\"8n1vi-0-0\"><span data-offset-key=\"8n1vi-0-0\">\u00a0<\/span><\/div>\n<\/div>\n<div class=\"\" data-block=\"true\" data-editor=\"3g906\" data-offset-key=\"9e6t9-0-0\">\n<div class=\"_1mf _1mj\" data-offset-key=\"9e6t9-0-0\">PAGE FACEBOOK OFFICIELLE : <a href=\"https:\/\/www.facebook.com\/mto.PaysCatalan\">https:\/\/www.facebook.com\/mto.PaysCatalan<\/a><\/div>\n<\/div>\n","protected":false},"excerpt":{"rendered":"<p>Pr\u00e9visionM\u00e9t\u00e9o \u27a1\ufe0f PYR\u00c9N\u00c9ES-ORIENTALES : Soleil voil\u00e9 et vent &#8211; \ud83d\udcc6  [&#8230;]<\/p>\n","protected":false},"author":1,"featured_media":59280,"comment_status":"closed","ping_status":"closed","sticky":false,"template":"","format":"standard","meta":{"_seopress_robots_primary_cat":"none","_seopress_titles_title":"M\u00e9t\u00e9o du vendredi 1 mai 2026 dans les Pyr\u00e9n\u00e9es-Orientales","_seopress_titles_desc":"Carte m\u00e9t\u00e9o du jour dans les Pyr\u00e9n\u00e9es-Orientales (66) : pr\u00e9visions d\u00e9taill\u00e9es, temp\u00e9ratures, vent, soleil, pluie, risques m\u00e9t\u00e9o, \u00e9tat et temp\u00e9rature de la mer","_seopress_robots_index":"","footnotes":""},"categories":[80,154],"tags":[],"class_list":["post-59279","post","type-post","status-publish","format-standard","has-post-thumbnail","hentry","category-actualite","category-pyrenees-orientales"],"_links":{"self":[{"href":"https:\/\/alertes-meteo.com\/index.php\/wp-json\/wp\/v2\/posts\/59279","targetHints":{"allow":["GET"]}}],"collection":[{"href":"https:\/\/alertes-meteo.com\/index.php\/wp-json\/wp\/v2\/posts"}],"about":[{"href":"https:\/\/alertes-meteo.com\/index.php\/wp-json\/wp\/v2\/types\/post"}],"author":[{"embeddable":true,"href":"https:\/\/alertes-meteo.com\/index.php\/wp-json\/wp\/v2\/users\/1"}],"replies":[{"embeddable":true,"href":"https:\/\/alertes-meteo.com\/index.php\/wp-json\/wp\/v2\/comments?post=59279"}],"version-history":[{"count":3,"href":"https:\/\/alertes-meteo.com\/index.php\/wp-json\/wp\/v2\/posts\/59279\/revisions"}],"predecessor-version":[{"id":59283,"href":"https:\/\/alertes-meteo.com\/index.php\/wp-json\/wp\/v2\/posts\/59279\/revisions\/59283"}],"wp:featuredmedia":[{"embeddable":true,"href":"https:\/\/alertes-meteo.com\/index.php\/wp-json\/wp\/v2\/media\/59280"}],"wp:attachment":[{"href":"https:\/\/alertes-meteo.com\/index.php\/wp-json\/wp\/v2\/media?parent=59279"}],"wp:term":[{"taxonomy":"category","embeddable":true,"href":"https:\/\/alertes-meteo.com\/index.php\/wp-json\/wp\/v2\/categories?post=59279"},{"taxonomy":"post_tag","embeddable":true,"href":"https:\/\/alertes-meteo.com\/index.php\/wp-json\/wp\/v2\/tags?post=59279"}],"curies":[{"name":"wp","href":"https:\/\/api.w.org\/{rel}","templated":true}]}}