{"id":59269,"date":"2026-04-29T16:33:34","date_gmt":"2026-04-29T14:33:34","guid":{"rendered":"https:\/\/alertes-meteo.com\/?p=59269"},"modified":"2026-04-29T08:56:17","modified_gmt":"2026-04-29T06:56:17","slug":"point-meteo-du-jeudi-30-avril-2026-dans-les-pyrenees-orientales","status":"publish","type":"post","link":"https:\/\/alertes-meteo.com\/index.php\/2026\/04\/29\/point-meteo-du-jeudi-30-avril-2026-dans-les-pyrenees-orientales\/","title":{"rendered":"Point m\u00e9t\u00e9o du jeudi 30 avril 2026 dans les Pyr\u00e9n\u00e9es-Orientales &#8211; Orageux"},"content":{"rendered":"<div class=\"\" data-block=\"true\" data-editor=\"aetu0\" data-offset-key=\"8q9q4-0-0\">\n<div class=\"_1mf _1mj\" data-offset-key=\"8q9q4-0-0\">\n<div class=\"response-container-content ng-tns-c982642397-25 has-thoughts\">\n<div class=\"response-content ng-tns-c982642397-25\">\n<div class=\"container\">\n<div id=\"model-response-message-contentr_e64bd5e8882ce950\" class=\"markdown markdown-main-panel stronger enable-updated-hr-color\" dir=\"ltr\" aria-live=\"polite\" aria-busy=\"false\">\n<h2 class=\"my-2 [&amp;+p]:mt-4 [&amp;_strong:has(+br)]:inline-block [&amp;_strong:has(+br)]:pb-2\">\ud83d\udcdd #Pr\u00e9visionM\u00e9t\u00e9o \u27a1\ufe0f PYR\u00c9N\u00c9ES-ORIENTALES : \u00c9claircies puis orages &#8211;<\/h2>\n<p class=\"my-2 [&amp;+p]:mt-4 [&amp;_strong:has(+br)]:inline-block [&amp;_strong:has(+br)]:pb-2\">\n\ud83d\udcc6 jeudi 30 avril 2026<br \/>\n\ud83d\ude07 Nous f\u00eatons les Robert, Robin et Roberta<br \/>\n\ud83c\udf08 Dicton m\u00e9t\u00e9o du jour : \u00ab \u00c0 la Saint-Robert, tout arbre est vert. \u00bb<br \/>\n120\u00e8me jour de l\u2019ann\u00e9e 2026 et 245 jours restants.<\/p>\n<p class=\"my-2 [&amp;+p]:mt-4 [&amp;_strong:has(+br)]:inline-block [&amp;_strong:has(+br)]:pb-2\">\u2601\ufe0fM\u00c9T\u00c9O DU JOUR\u26c5\ufe0f<br \/>\nPour cette journ\u00e9e de jeudi, le temps d\u00e9bute dans le calme avec de belles \u00e9claircies sur une large partie du d\u00e9partement.<br \/>\nEn cours de matin\u00e9e, des orages se forment rapidement sur le Vallespir, le Conflent et les secteurs de haute montagne, ils se montrent parfois violent l&rsquo;apr\u00e8s-midi, avec de la gr\u00eale. Ailleurs, le ciel devient plus variable avec un risque de petites averses.<br \/>\nLe vent reste g\u00e9n\u00e9ralement mod\u00e9r\u00e9, plus sensible vers la c\u00f4te.<br \/>\nLes temp\u00e9ratures minimales varient de 7 \u00e0 10\u00b0C sur le Conflent et la haute montagne, et de 11 \u00e0 14\u00b0C ailleurs, tandis que les maximales atteignent de 19 \u00e0 21\u00b0C, et de 14 \u00e0 15\u00b0C en haute montagne.<br \/>\nPour la nuit suivante, le ciel devient variable.<\/p>\n<p><img decoding=\"async\" class=\"lazyload alignnone size-full wp-image-59272\" src=\"https:\/\/alertes-meteo.com\/wp-content\/uploads\/2026\/04\/30-Avril-2026.jpg\" data-orig-src=\"https:\/\/alertes-meteo.com\/wp-content\/uploads\/2026\/04\/30-Avril-2026.jpg\" alt=\"\" width=\"1065\" height=\"794\" srcset=\"data:image\/svg+xml,%3Csvg%20xmlns%3D%27http%3A%2F%2Fwww.w3.org%2F2000%2Fsvg%27%20width%3D%271065%27%20height%3D%27794%27%20viewBox%3D%270%200%201065%20794%27%3E%3Crect%20width%3D%271065%27%20height%3D%27794%27%20fill-opacity%3D%220%22%2F%3E%3C%2Fsvg%3E\" data-srcset=\"https:\/\/alertes-meteo.com\/wp-content\/uploads\/2026\/04\/30-Avril-2026-200x149.jpg 200w, https:\/\/alertes-meteo.com\/wp-content\/uploads\/2026\/04\/30-Avril-2026-300x224.jpg 300w, https:\/\/alertes-meteo.com\/wp-content\/uploads\/2026\/04\/30-Avril-2026-400x298.jpg 400w, https:\/\/alertes-meteo.com\/wp-content\/uploads\/2026\/04\/30-Avril-2026-600x447.jpg 600w, https:\/\/alertes-meteo.com\/wp-content\/uploads\/2026\/04\/30-Avril-2026-768x573.jpg 768w, https:\/\/alertes-meteo.com\/wp-content\/uploads\/2026\/04\/30-Avril-2026-800x596.jpg 800w, https:\/\/alertes-meteo.com\/wp-content\/uploads\/2026\/04\/30-Avril-2026-1024x763.jpg 1024w, https:\/\/alertes-meteo.com\/wp-content\/uploads\/2026\/04\/30-Avril-2026.jpg 1065w\" data-sizes=\"auto\" data-orig-sizes=\"(max-width: 1065px) 100vw, 1065px\" \/><\/p>\n<p class=\"my-2 [&amp;+p]:mt-4 [&amp;_strong:has(+br)]:inline-block [&amp;_strong:has(+br)]:pb-2\">\ud83c\udf0a\u00c9tat de la mer :<br \/>\nSur le littoral, le vent de secteur est souffle faible \u00e0 mod\u00e9r\u00e9, puis s\u2019oriente est \u00e0 sud-est en gagnant un peu de vigueur en cours de journ\u00e9e, tr\u00e8s localement plus soutenu.<br \/>\nLa mer reste peu agit\u00e9e en premi\u00e8re partie de journ\u00e9e, puis devient peu agit\u00e9e \u00e0 agit\u00e9e.<br \/>\nLa houle d\u2019est \u00e0 sud-est atteint de 0,5 \u00e0 1 m, puis de 1 \u00e0 1,5 m.<br \/>\nLa visibilit\u00e9 demeure bonne sous un ciel plus nuageux, avec un risque d\u2019averses parfois orageuses en soir\u00e9e.<\/p>\n<p class=\"my-2 [&amp;+p]:mt-4 [&amp;_strong:has(+br)]:inline-block [&amp;_strong:has(+br)]:pb-2\">\ud83c\udf21\ufe0fTemp\u00e9ratures mer : 15\u00b0C<\/p>\n<p class=\"my-2 [&amp;+p]:mt-4 [&amp;_strong:has(+br)]:inline-block [&amp;_strong:has(+br)]:pb-2\">\ud83e\udd27 ALLERGIES<\/p>\n<p class=\"my-2 [&amp;+p]:mt-4 [&amp;_strong:has(+br)]:inline-block [&amp;_strong:has(+br)]:pb-2\">Indice pollens Atmo Occitanie : 2 \u00e0 3 pour les Pyr\u00e9n\u00e9es-Orientales, avec une vigilance recommand\u00e9e pour les personnes sensibles.<\/p>\n<p class=\"my-2 [&amp;+p]:mt-4 [&amp;_strong:has(+br)]:inline-block [&amp;_strong:has(+br)]:pb-2\">\ud83c\udf05Lever du Soleil : 06h44<br \/>\n\ud83c\udf19Coucher du soleil : 20h47 &#8211; Soit une dur\u00e9e du jour de 14h03<br \/>\n\ud83c\udf14C&rsquo;est la lune pleine, illumin\u00e9e \u00e0 96,91%.<\/p>\n<p class=\"my-2 [&amp;+p]:mt-4 [&amp;_strong:has(+br)]:inline-block [&amp;_strong:has(+br)]:pb-2\">\ud83d\udcca Normales du jour : mini : 9,7\u00b0C \/ maxi : 18,7\u00b0C (normales mensuelles d\u2019avril 1991-2020)<\/p>\n<\/div>\n<\/div>\n<\/div>\n<\/div>\n<\/div>\n<\/div>\n<div class=\"\" data-block=\"true\" data-editor=\"3g906\" data-offset-key=\"eoslk-0-0\">\n<div class=\"_1mf _1mj\" data-offset-key=\"eoslk-0-0\"><span data-offset-key=\"eoslk-0-0\">Franck<\/span><\/div>\n<\/div>\n<div class=\"\" data-block=\"true\" data-editor=\"3g906\" data-offset-key=\"ck64l-0-0\">\n<div class=\"_1mf _1mj\" data-offset-key=\"ck64l-0-0\"><span data-offset-key=\"ck64l-0-0\">M\u00e9t\u00e9o.PaysCatalan<\/span><\/div>\n<\/div>\n<div class=\"\" data-block=\"true\" data-editor=\"3g906\" data-offset-key=\"8n1vi-0-0\">\n<div class=\"_1mf _1mj\" data-offset-key=\"8n1vi-0-0\"><span data-offset-key=\"8n1vi-0-0\">\u00a0<\/span><\/div>\n<\/div>\n<div class=\"\" data-block=\"true\" data-editor=\"3g906\" data-offset-key=\"9e6t9-0-0\">\n<div class=\"_1mf _1mj\" data-offset-key=\"9e6t9-0-0\">PAGE FACEBOOK OFFICIELLE : <a href=\"https:\/\/www.facebook.com\/mto.PaysCatalan\">https:\/\/www.facebook.com\/mto.PaysCatalan<\/a><\/div>\n<\/div>\n","protected":false},"excerpt":{"rendered":"<p>\ud83d\udcdd #Pr\u00e9visionM\u00e9t\u00e9o \u27a1\ufe0f PYR\u00c9N\u00c9ES-ORIENTALES : \u00c9claircies puis orages &#8211; \ud83d\udcc6  [&#8230;]<\/p>\n","protected":false},"author":1,"featured_media":59272,"comment_status":"closed","ping_status":"closed","sticky":false,"template":"","format":"standard","meta":{"_seopress_robots_primary_cat":"none","_seopress_titles_title":"M\u00e9t\u00e9o du jeudi 30 avril 2026 dans les Pyr\u00e9n\u00e9es-Orientales","_seopress_titles_desc":"Carte m\u00e9t\u00e9o du jour dans les Pyr\u00e9n\u00e9es-Orientales (66) : pr\u00e9visions d\u00e9taill\u00e9es, temp\u00e9ratures, vent, soleil, pluie, risques m\u00e9t\u00e9o, \u00e9tat et temp\u00e9rature de la mer","_seopress_robots_index":"","footnotes":""},"categories":[80,154],"tags":[],"class_list":["post-59269","post","type-post","status-publish","format-standard","has-post-thumbnail","hentry","category-actualite","category-pyrenees-orientales"],"_links":{"self":[{"href":"https:\/\/alertes-meteo.com\/index.php\/wp-json\/wp\/v2\/posts\/59269","targetHints":{"allow":["GET"]}}],"collection":[{"href":"https:\/\/alertes-meteo.com\/index.php\/wp-json\/wp\/v2\/posts"}],"about":[{"href":"https:\/\/alertes-meteo.com\/index.php\/wp-json\/wp\/v2\/types\/post"}],"author":[{"embeddable":true,"href":"https:\/\/alertes-meteo.com\/index.php\/wp-json\/wp\/v2\/users\/1"}],"replies":[{"embeddable":true,"href":"https:\/\/alertes-meteo.com\/index.php\/wp-json\/wp\/v2\/comments?post=59269"}],"version-history":[{"count":4,"href":"https:\/\/alertes-meteo.com\/index.php\/wp-json\/wp\/v2\/posts\/59269\/revisions"}],"predecessor-version":[{"id":59274,"href":"https:\/\/alertes-meteo.com\/index.php\/wp-json\/wp\/v2\/posts\/59269\/revisions\/59274"}],"wp:featuredmedia":[{"embeddable":true,"href":"https:\/\/alertes-meteo.com\/index.php\/wp-json\/wp\/v2\/media\/59272"}],"wp:attachment":[{"href":"https:\/\/alertes-meteo.com\/index.php\/wp-json\/wp\/v2\/media?parent=59269"}],"wp:term":[{"taxonomy":"category","embeddable":true,"href":"https:\/\/alertes-meteo.com\/index.php\/wp-json\/wp\/v2\/categories?post=59269"},{"taxonomy":"post_tag","embeddable":true,"href":"https:\/\/alertes-meteo.com\/index.php\/wp-json\/wp\/v2\/tags?post=59269"}],"curies":[{"name":"wp","href":"https:\/\/api.w.org\/{rel}","templated":true}]}}