{"id":59264,"date":"2026-04-29T08:22:44","date_gmt":"2026-04-29T06:22:44","guid":{"rendered":"https:\/\/alertes-meteo.com\/?p=59264"},"modified":"2026-04-29T08:22:44","modified_gmt":"2026-04-29T06:22:44","slug":"previsions-meteo-du-mercredi-29-avril-2026-louest-du-territoire-subit-des-orages-avec-un-fort-risque-de-grele","status":"publish","type":"post","link":"https:\/\/alertes-meteo.com\/index.php\/2026\/04\/29\/previsions-meteo-du-mercredi-29-avril-2026-louest-du-territoire-subit-des-orages-avec-un-fort-risque-de-grele\/","title":{"rendered":"Pr\u00e9visions M\u00e9t\u00e9o du mercredi 29 Avril 2026 &#8211; L&rsquo;ouest du territoire subit des orages avec un fort risque de gr\u00eale"},"content":{"rendered":"<h2 id=\"mto-orageuse-et-chaleur-printanire-meteo-climat-s\" class=\"font-editorial font-bold mb-2 mt-4 [.has-inline-images_&amp;]:clear-end text-base first:mt-0\">\u26c8\ufe0f M\u00e9t\u00e9o orageuse et chaleur printani\u00e8re<\/h2>\n<p class=\"my-2 [&amp;+p]:mt-4 [&amp;_strong:has(+br)]:inline-block [&amp;_strong:has(+br)]:pb-2\"><strong>M\u00e9t\u00e9o du jour (mercredi 29 avril 2026)<\/strong><br \/>\n\u26a0\ufe0f L&rsquo;ouest du territoire subit des orages avec un fort risque de gr\u00eale.<\/p>\n<p class=\"my-2 [&amp;+p]:mt-4 [&amp;_strong:has(+br)]:inline-block [&amp;_strong:has(+br)]:pb-2\">+\ud83e\udd73 F\u00eate de Catherine<\/p>\n<p class=\"my-2 [&amp;+p]:mt-4 [&amp;_strong:has(+br)]:inline-block [&amp;_strong:has(+br)]:pb-2\">-&gt; Dicton du jour : Pluie de printemps fait la joie du paysan.<\/p>\n<p class=\"my-2 [&amp;+p]:mt-4 [&amp;_strong:has(+br)]:inline-block [&amp;_strong:has(+br)]:pb-2\">Coucher du soleil : 21h00<\/p>\n<p class=\"my-2 [&amp;+p]:mt-4 [&amp;_strong:has(+br)]:inline-block [&amp;_strong:has(+br)]:pb-2\">On gagne 3 minutes. Dur\u00e9e du jour : 14h20<\/p>\n<p class=\"my-2 [&amp;+p]:mt-4 [&amp;_strong:has(+br)]:inline-block [&amp;_strong:has(+br)]:pb-2\"><strong>M\u00e9t\u00e9o du jour :<\/strong><br \/>\nL&rsquo;ouest du pays conna\u00eet une m\u00e9t\u00e9o instable avec des averses orageuses. La Bretagne et l&rsquo;Aquitaine voient ce risque augmenter en soir\u00e9e. Les Alpes et le Jura subissent aussi quelques orages locaux. Le reste du territoire profite d&rsquo;un temps sec et ensoleill\u00e9. Une bise assez forte souffle nettement sur la moiti\u00e9 nord. Une chaleur mod\u00e9r\u00e9e s&rsquo;installe de la Provence jusqu&rsquo;\u00e0 la r\u00e9gion du Maine. Les temp\u00e9ratures maximales atteignent donc souvent 25 \u00e0 27\u00b0C durant l&rsquo;apr\u00e8s-midi.<\/p>\n<p><img decoding=\"async\" class=\"lazyload alignnone  wp-image-59267\" src=\"https:\/\/alertes-meteo.com\/wp-content\/uploads\/2026\/04\/export-1777443636186.png\" data-orig-src=\"https:\/\/alertes-meteo.com\/wp-content\/uploads\/2026\/04\/export-1777443636186.png\" alt=\"\" width=\"1116\" height=\"833\" srcset=\"data:image\/svg+xml,%3Csvg%20xmlns%3D%27http%3A%2F%2Fwww.w3.org%2F2000%2Fsvg%27%20width%3D%271116%27%20height%3D%27833%27%20viewBox%3D%270%200%201116%20833%27%3E%3Crect%20width%3D%271116%27%20height%3D%27833%27%20fill-opacity%3D%220%22%2F%3E%3C%2Fsvg%3E\" data-srcset=\"https:\/\/alertes-meteo.com\/wp-content\/uploads\/2026\/04\/export-1777443636186-200x149.png 200w, https:\/\/alertes-meteo.com\/wp-content\/uploads\/2026\/04\/export-1777443636186-300x224.png 300w, https:\/\/alertes-meteo.com\/wp-content\/uploads\/2026\/04\/export-1777443636186-400x298.png 400w, https:\/\/alertes-meteo.com\/wp-content\/uploads\/2026\/04\/export-1777443636186-600x448.png 600w, https:\/\/alertes-meteo.com\/wp-content\/uploads\/2026\/04\/export-1777443636186-768x573.png 768w, https:\/\/alertes-meteo.com\/wp-content\/uploads\/2026\/04\/export-1777443636186-800x597.png 800w, https:\/\/alertes-meteo.com\/wp-content\/uploads\/2026\/04\/export-1777443636186-1024x764.png 1024w, https:\/\/alertes-meteo.com\/wp-content\/uploads\/2026\/04\/export-1777443636186-1200x895.png 1200w, https:\/\/alertes-meteo.com\/wp-content\/uploads\/2026\/04\/export-1777443636186-1536x1146.png 1536w, https:\/\/alertes-meteo.com\/wp-content\/uploads\/2026\/04\/export-1777443636186.png 1847w\" data-sizes=\"auto\" data-orig-sizes=\"(max-width: 1116px) 100vw, 1116px\" \/><\/p>\n<p class=\"my-2 [&amp;+p]:mt-4 [&amp;_strong:has(+br)]:inline-block [&amp;_strong:has(+br)]:pb-2\"><strong>Tendance m\u00e9t\u00e9o : Le retour progressif des orages<\/strong><br \/>\nL&rsquo;anticyclone actuel nous apporte un air tr\u00e8s chaud et sec. Cette protection anticyclonique va faiblir vers la fin de la semaine. Les orages deviendront beaucoup plus fr\u00e9quents \u00e0 partir de samedi. L&rsquo;est du territoire gardera cette activit\u00e9 orageuse durant la journ\u00e9e de mardi. Le reste du pays retrouvera un air beaucoup plus frais. De fr\u00e9quentes averses accompagneront ce rafra\u00eechissement marqu\u00e9 de la masse d&rsquo;air.<\/p>\n<p class=\"my-2 [&amp;+p]:mt-4 [&amp;_strong:has(+br)]:inline-block [&amp;_strong:has(+br)]:pb-2\">\ud83c\udf21\ufe0f Les extr\u00eames des derni\u00e8res heures : 1,1\u00b0C \u00e0 Bourdons (52) et 26,4\u00b0C \u00e0 Matha (17).<br \/>\n\ud83d\udca7 Pluie record derni\u00e8res heures : 49 mm \u00e0 Pont-de-Beauvoisin (38).<\/p>\n<p><img decoding=\"async\" class=\"lazyload alignnone size-full wp-image-59265\" src=\"https:\/\/alertes-meteo.com\/wp-content\/uploads\/2026\/04\/29-04-2026-08h19_02.png\" data-orig-src=\"https:\/\/alertes-meteo.com\/wp-content\/uploads\/2026\/04\/29-04-2026-08h19_02.png\" alt=\"\" width=\"620\" height=\"648\" srcset=\"data:image\/svg+xml,%3Csvg%20xmlns%3D%27http%3A%2F%2Fwww.w3.org%2F2000%2Fsvg%27%20width%3D%27620%27%20height%3D%27648%27%20viewBox%3D%270%200%20620%20648%27%3E%3Crect%20width%3D%27620%27%20height%3D%27648%27%20fill-opacity%3D%220%22%2F%3E%3C%2Fsvg%3E\" data-srcset=\"https:\/\/alertes-meteo.com\/wp-content\/uploads\/2026\/04\/29-04-2026-08h19_02-200x209.png 200w, https:\/\/alertes-meteo.com\/wp-content\/uploads\/2026\/04\/29-04-2026-08h19_02-287x300.png 287w, https:\/\/alertes-meteo.com\/wp-content\/uploads\/2026\/04\/29-04-2026-08h19_02-400x418.png 400w, https:\/\/alertes-meteo.com\/wp-content\/uploads\/2026\/04\/29-04-2026-08h19_02-600x627.png 600w, https:\/\/alertes-meteo.com\/wp-content\/uploads\/2026\/04\/29-04-2026-08h19_02.png 620w\" data-sizes=\"auto\" data-orig-sizes=\"(max-width: 620px) 100vw, 620px\" \/><\/p>\n<p>\u2022 Vigilances en cours :<br \/>\n\ud83d\udfe1 orages : Ain, Alpes de Haute Provence, Hautes Alpes, Charente Maritime, C\u00f4tes d&rsquo;Armor, Finist\u00e8re, Gers, Gironde, Is\u00e8re, Landes, Morbihan, Pyr\u00e9n\u00e9es Atlantiques, Hautes Pyr\u00e9n\u00e9es, Savoie, Haute Savoie.<\/p>\n<p>Ce service propose des bulletins m\u00e9t\u00e9orologiques pr\u00e9cis, des analyses de masses d&rsquo;air et des pr\u00e9visions de temp\u00e9ratures \u00e0 court et moyen terme. Nous synth\u00e9tisons les donn\u00e9es atmosph\u00e9riques pour fournir des informations locales claires et fiables.<\/p>\n<p><a href=\"https:\/\/alertes-meteo.com\/index.php\/contact\/\">Contact<\/a><\/p>\n","protected":false},"excerpt":{"rendered":"<p>\u26c8\ufe0f M\u00e9t\u00e9o orageuse et chaleur printani\u00e8re M\u00e9t\u00e9o du jour (mercredi  [&#8230;]<\/p>\n","protected":false},"author":1,"featured_media":59267,"comment_status":"closed","ping_status":"closed","sticky":false,"template":"","format":"standard","meta":{"_seopress_robots_primary_cat":"none","_seopress_titles_title":"Point m\u00e9t\u00e9o en France du mercredi 29 avril 2026 - www.alertes-meteo.com","_seopress_titles_desc":"Consultez les pr\u00e9visions m\u00e9t\u00e9o en France. Carte de vigilance, temp\u00e9ratures maximales, le risque d'orage, de pluie, de neige et les tendances m\u00e9t\u00e9o pour la France","_seopress_robots_index":"","footnotes":""},"categories":[80,152,147],"tags":[],"class_list":["post-59264","post","type-post","status-publish","format-standard","has-post-thumbnail","hentry","category-actualite","category-alertes","category-previsions-meteo-france"],"_links":{"self":[{"href":"https:\/\/alertes-meteo.com\/index.php\/wp-json\/wp\/v2\/posts\/59264","targetHints":{"allow":["GET"]}}],"collection":[{"href":"https:\/\/alertes-meteo.com\/index.php\/wp-json\/wp\/v2\/posts"}],"about":[{"href":"https:\/\/alertes-meteo.com\/index.php\/wp-json\/wp\/v2\/types\/post"}],"author":[{"embeddable":true,"href":"https:\/\/alertes-meteo.com\/index.php\/wp-json\/wp\/v2\/users\/1"}],"replies":[{"embeddable":true,"href":"https:\/\/alertes-meteo.com\/index.php\/wp-json\/wp\/v2\/comments?post=59264"}],"version-history":[{"count":2,"href":"https:\/\/alertes-meteo.com\/index.php\/wp-json\/wp\/v2\/posts\/59264\/revisions"}],"predecessor-version":[{"id":59268,"href":"https:\/\/alertes-meteo.com\/index.php\/wp-json\/wp\/v2\/posts\/59264\/revisions\/59268"}],"wp:featuredmedia":[{"embeddable":true,"href":"https:\/\/alertes-meteo.com\/index.php\/wp-json\/wp\/v2\/media\/59267"}],"wp:attachment":[{"href":"https:\/\/alertes-meteo.com\/index.php\/wp-json\/wp\/v2\/media?parent=59264"}],"wp:term":[{"taxonomy":"category","embeddable":true,"href":"https:\/\/alertes-meteo.com\/index.php\/wp-json\/wp\/v2\/categories?post=59264"},{"taxonomy":"post_tag","embeddable":true,"href":"https:\/\/alertes-meteo.com\/index.php\/wp-json\/wp\/v2\/tags?post=59264"}],"curies":[{"name":"wp","href":"https:\/\/api.w.org\/{rel}","templated":true}]}}