{"id":59261,"date":"2026-04-28T17:28:25","date_gmt":"2026-04-28T15:28:25","guid":{"rendered":"https:\/\/alertes-meteo.com\/?p=59261"},"modified":"2026-04-28T08:46:56","modified_gmt":"2026-04-28T06:46:56","slug":"point-meteo-du-mercredi-29-avril-2026-dans-les-pyrenees-orientales","status":"publish","type":"post","link":"https:\/\/alertes-meteo.com\/index.php\/2026\/04\/28\/point-meteo-du-mercredi-29-avril-2026-dans-les-pyrenees-orientales\/","title":{"rendered":"Point m\u00e9t\u00e9o du mercredi 29 avril 2026 dans les Pyr\u00e9n\u00e9es-Orientales"},"content":{"rendered":"<div class=\"\" data-block=\"true\" data-editor=\"aetu0\" data-offset-key=\"8q9q4-0-0\">\n<div class=\"_1mf _1mj\" data-offset-key=\"8q9q4-0-0\">\n<div class=\"response-container-content ng-tns-c982642397-25 has-thoughts\">\n<div class=\"response-content ng-tns-c982642397-25\">\n<div class=\"container\">\n<div id=\"model-response-message-contentr_e64bd5e8882ce950\" class=\"markdown markdown-main-panel stronger enable-updated-hr-color\" dir=\"ltr\" aria-live=\"polite\" aria-busy=\"false\">\n<h2 class=\"my-2 [&amp;+p]:mt-4 [&amp;_strong:has(+br)]:inline-block [&amp;_strong:has(+br)]:pb-2\">\ud83d\udcdd #Pr\u00e9visionM\u00e9t\u00e9o \u27a1\ufe0f PYR\u00c9N\u00c9ES-ORIENTALES : Soleil voil\u00e9 et douceur &#8211;<\/h2>\n<p class=\"my-2 [&amp;+p]:mt-4 [&amp;_strong:has(+br)]:inline-block [&amp;_strong:has(+br)]:pb-2\">\n\ud83d\udcc6 mercredi 29 avril 2026<br \/>\n\ud83d\ude07 Nous f\u00eatons les Catherine<br \/>\n\ud83c\udf08 Dicton m\u00e9t\u00e9o du jour : \u00ab\u00a0\u00c0 la Sainte-Catherine de Sienne, les hirondelles reviennent dans leur domaine.\u00a0\u00bb<br \/>\n\ud83e\udd73 Que c\u00e9l\u00e8bre-t-on : Journ\u00e9e internationale de la danse<br \/>\n119\u00e8me jour de l\u2019ann\u00e9e 2026 et 246 jours restants.<\/p>\n<p><img decoding=\"async\" class=\"lazyload alignnone size-full wp-image-59262\" src=\"https:\/\/alertes-meteo.com\/wp-content\/uploads\/2026\/04\/29-Avril-2026.jpg\" data-orig-src=\"https:\/\/alertes-meteo.com\/wp-content\/uploads\/2026\/04\/29-Avril-2026.jpg\" alt=\"\" width=\"1065\" height=\"794\" srcset=\"data:image\/svg+xml,%3Csvg%20xmlns%3D%27http%3A%2F%2Fwww.w3.org%2F2000%2Fsvg%27%20width%3D%271065%27%20height%3D%27794%27%20viewBox%3D%270%200%201065%20794%27%3E%3Crect%20width%3D%271065%27%20height%3D%27794%27%20fill-opacity%3D%220%22%2F%3E%3C%2Fsvg%3E\" data-srcset=\"https:\/\/alertes-meteo.com\/wp-content\/uploads\/2026\/04\/29-Avril-2026-200x149.jpg 200w, https:\/\/alertes-meteo.com\/wp-content\/uploads\/2026\/04\/29-Avril-2026-300x224.jpg 300w, https:\/\/alertes-meteo.com\/wp-content\/uploads\/2026\/04\/29-Avril-2026-400x298.jpg 400w, https:\/\/alertes-meteo.com\/wp-content\/uploads\/2026\/04\/29-Avril-2026-600x447.jpg 600w, https:\/\/alertes-meteo.com\/wp-content\/uploads\/2026\/04\/29-Avril-2026-768x573.jpg 768w, https:\/\/alertes-meteo.com\/wp-content\/uploads\/2026\/04\/29-Avril-2026-800x596.jpg 800w, https:\/\/alertes-meteo.com\/wp-content\/uploads\/2026\/04\/29-Avril-2026-1024x763.jpg 1024w, https:\/\/alertes-meteo.com\/wp-content\/uploads\/2026\/04\/29-Avril-2026.jpg 1065w\" data-sizes=\"auto\" data-orig-sizes=\"(max-width: 1065px) 100vw, 1065px\" \/><\/p>\n<p class=\"my-2 [&amp;+p]:mt-4 [&amp;_strong:has(+br)]:inline-block [&amp;_strong:has(+br)]:pb-2\">\u2601\ufe0fM\u00c9T\u00c9O DU JOUR\u26c5\ufe0f<br \/>\nPour cette journ\u00e9e de mercredi, des passages nuageux sont possibles en matin\u00e9e. Par la suite, le soleil s&rsquo;impose mais le ciel reste souvent voil\u00e9 sur l&rsquo;ensemble du d\u00e9partement. Le vent de sud-est est sensible sur le littoral et la plaine. Les temp\u00e9ratures minimales sont comprises de 10 \u00e0 13\u00b0C, et de 6 \u00e0 7\u00b0C en haute montagne. Les temp\u00e9ratures maximales atteignent de 21 \u00e0 25\u00b0C, et de 16 \u00e0 17\u00b0C en haute montagne. Pour la nuit suivante, la situation m\u00e9t\u00e9orologique reste tr\u00e8s calme.<\/p>\n<p class=\"my-2 [&amp;+p]:mt-4 [&amp;_strong:has(+br)]:inline-block [&amp;_strong:has(+br)]:pb-2\">\ud83c\udf0a\u00c9tat de la mer :<br \/>\nLe temps sur le littoral est marqu\u00e9 par des nuages bas, s&rsquo;\u00e9claircissant au fil de cette journ\u00e9e avec un ciel voil\u00e9. Le vent marin souffle d&rsquo;Est \u00e0 Sud-Est, estim\u00e9 entre 10 et 30 km\/h en moyenne, mollissant en fin de journ\u00e9e. La mer est belle, devenant peu agit\u00e9e pour la seconde moiti\u00e9 de cette journ\u00e9e, avec une houle non significative qui s&rsquo;\u00e9tablit au Sud-Est entre 0.5 et 1 m en fin de journ\u00e9e. La visibilit\u00e9 reste bonne.<\/p>\n<\/div>\n<\/div>\n<\/div>\n<\/div>\n<\/div>\n<\/div>\n<div data-block=\"true\" data-editor=\"aetu0\" data-offset-key=\"eng18-0-0\">\n<p class=\"my-2 [&amp;+p]:mt-4 [&amp;_strong:has(+br)]:inline-block [&amp;_strong:has(+br)]:pb-2\">\ud83c\udf21\ufe0fTemp\u00e9ratures mer : 15 \u00e0 16\u00b0C<\/p>\n<p class=\"my-2 [&amp;+p]:mt-4 [&amp;_strong:has(+br)]:inline-block [&amp;_strong:has(+br)]:pb-2\">\ud83c\udf05Lever du Soleil : 6h45<br \/>\n\ud83c\udf19Coucher du soleil : 20h46 &#8211; Soit une dur\u00e9e du jour de 14h01<br \/>\n\ud83c\udf14C&rsquo;est la lune gibbeuse ascendante<\/p>\n<p class=\"my-2 [&amp;+p]:mt-4 [&amp;_strong:has(+br)]:inline-block [&amp;_strong:has(+br)]:pb-2\">\u25fc\ufe0fTemp\u00e9ratures records pour la station de Perpignan \u25fc\ufe0f<br \/>\n\ud83d\udcc9 Valeur la plus basse : 2,9\u00b0C &#8211; 2 avril 1910<br \/>\n\ud83d\udcc8 Valeur la plus \u00e9lev\u00e9e : 32,4\u00b0C &#8211; 20 avril 1945<br \/>\n\ud83d\udcca Normales du jour : mini : 9,7\u00b0C \/ maxi : 18,7\u00b0C (normales mensuelles d\u2019avril 1991-2020).<\/p>\n<p class=\"my-2 [&amp;+p]:mt-4 [&amp;_strong:has(+br)]:inline-block [&amp;_strong:has(+br)]:pb-2\">\ud83d\udcdc \u00c9v\u00e9nement m\u00e9t\u00e9o marquant sur les Pyr\u00e9n\u00e9es-Orientales :<br \/>\nLe 29 avril 2024, le Roussillon a connu un \u00e9pisode pluvieux notable, avec \u00e0 Perpignan l\u2019\u00e9quivalent d\u2019environ un mois de pluie en 2 jours, un apport jug\u00e9 b\u00e9n\u00e9fique apr\u00e8s une longue s\u00e9cheresse.<\/p>\n<\/div>\n<div class=\"\" data-block=\"true\" data-editor=\"3g906\" data-offset-key=\"eoslk-0-0\">\n<div class=\"_1mf _1mj\" data-offset-key=\"eoslk-0-0\"><span data-offset-key=\"eoslk-0-0\">Franck<\/span><\/div>\n<\/div>\n<div class=\"\" data-block=\"true\" data-editor=\"3g906\" data-offset-key=\"ck64l-0-0\">\n<div class=\"_1mf _1mj\" data-offset-key=\"ck64l-0-0\"><span data-offset-key=\"ck64l-0-0\">M\u00e9t\u00e9o.PaysCatalan<\/span><\/div>\n<\/div>\n<div class=\"\" data-block=\"true\" data-editor=\"3g906\" data-offset-key=\"8n1vi-0-0\">\n<div class=\"_1mf _1mj\" data-offset-key=\"8n1vi-0-0\"><span data-offset-key=\"8n1vi-0-0\">\u00a0<\/span><\/div>\n<\/div>\n<div class=\"\" data-block=\"true\" data-editor=\"3g906\" data-offset-key=\"9e6t9-0-0\">\n<div class=\"_1mf _1mj\" data-offset-key=\"9e6t9-0-0\">PAGE FACEBOOK OFFICIELLE : <a href=\"https:\/\/www.facebook.com\/mto.PaysCatalan\">https:\/\/www.facebook.com\/mto.PaysCatalan<\/a><\/div>\n<\/div>\n","protected":false},"excerpt":{"rendered":"<p>\ud83d\udcdd #Pr\u00e9visionM\u00e9t\u00e9o \u27a1\ufe0f PYR\u00c9N\u00c9ES-ORIENTALES : Soleil voil\u00e9 et douceur &#8211;  [&#8230;]<\/p>\n","protected":false},"author":1,"featured_media":59262,"comment_status":"closed","ping_status":"closed","sticky":false,"template":"","format":"standard","meta":{"_seopress_robots_primary_cat":"none","_seopress_titles_title":"M\u00e9t\u00e9o du mercredi 29 avril 2026 dans les Pyr\u00e9n\u00e9es-Orientales","_seopress_titles_desc":"Carte m\u00e9t\u00e9o du jour dans les Pyr\u00e9n\u00e9es-Orientales (66) : pr\u00e9visions d\u00e9taill\u00e9es, temp\u00e9ratures, vent, soleil, pluie, risques m\u00e9t\u00e9o, \u00e9tat et temp\u00e9rature de la mer","_seopress_robots_index":"","footnotes":""},"categories":[80,154],"tags":[],"class_list":["post-59261","post","type-post","status-publish","format-standard","has-post-thumbnail","hentry","category-actualite","category-pyrenees-orientales"],"_links":{"self":[{"href":"https:\/\/alertes-meteo.com\/index.php\/wp-json\/wp\/v2\/posts\/59261","targetHints":{"allow":["GET"]}}],"collection":[{"href":"https:\/\/alertes-meteo.com\/index.php\/wp-json\/wp\/v2\/posts"}],"about":[{"href":"https:\/\/alertes-meteo.com\/index.php\/wp-json\/wp\/v2\/types\/post"}],"author":[{"embeddable":true,"href":"https:\/\/alertes-meteo.com\/index.php\/wp-json\/wp\/v2\/users\/1"}],"replies":[{"embeddable":true,"href":"https:\/\/alertes-meteo.com\/index.php\/wp-json\/wp\/v2\/comments?post=59261"}],"version-history":[{"count":1,"href":"https:\/\/alertes-meteo.com\/index.php\/wp-json\/wp\/v2\/posts\/59261\/revisions"}],"predecessor-version":[{"id":59263,"href":"https:\/\/alertes-meteo.com\/index.php\/wp-json\/wp\/v2\/posts\/59261\/revisions\/59263"}],"wp:featuredmedia":[{"embeddable":true,"href":"https:\/\/alertes-meteo.com\/index.php\/wp-json\/wp\/v2\/media\/59262"}],"wp:attachment":[{"href":"https:\/\/alertes-meteo.com\/index.php\/wp-json\/wp\/v2\/media?parent=59261"}],"wp:term":[{"taxonomy":"category","embeddable":true,"href":"https:\/\/alertes-meteo.com\/index.php\/wp-json\/wp\/v2\/categories?post=59261"},{"taxonomy":"post_tag","embeddable":true,"href":"https:\/\/alertes-meteo.com\/index.php\/wp-json\/wp\/v2\/tags?post=59261"}],"curies":[{"name":"wp","href":"https:\/\/api.w.org\/{rel}","templated":true}]}}