{"id":59250,"date":"2026-04-27T17:00:57","date_gmt":"2026-04-27T15:00:57","guid":{"rendered":"https:\/\/alertes-meteo.com\/?p=59250"},"modified":"2026-04-27T14:50:57","modified_gmt":"2026-04-27T12:50:57","slug":"point-meteo-du-mardi-28-avril-2026-dans-les-pyrenees-orientales","status":"publish","type":"post","link":"https:\/\/alertes-meteo.com\/index.php\/2026\/04\/27\/point-meteo-du-mardi-28-avril-2026-dans-les-pyrenees-orientales\/","title":{"rendered":"Point m\u00e9t\u00e9o du mardi 28 avril 2026 dans les Pyr\u00e9n\u00e9es-Orientales"},"content":{"rendered":"<div class=\"\" data-block=\"true\" data-editor=\"aetu0\" data-offset-key=\"8q9q4-0-0\">\n<div class=\"_1mf _1mj\" data-offset-key=\"8q9q4-0-0\">\n<div class=\"response-container-content ng-tns-c982642397-25 has-thoughts\">\n<div class=\"response-content ng-tns-c982642397-25\">\n<div class=\"container\">\n<div id=\"model-response-message-contentr_e64bd5e8882ce950\" class=\"markdown markdown-main-panel stronger enable-updated-hr-color\" dir=\"ltr\" aria-live=\"polite\" aria-busy=\"false\">\n<h2 class=\"my-2 [&amp;+p]:mt-4 [&amp;_strong:has(+br)]:inline-block [&amp;_strong:has(+br)]:pb-2\">\ud83d\udcdd #Pr\u00e9visionM\u00e9t\u00e9o \u27a1\ufe0f PYR\u00c9N\u00c9ES-ORIENTALES : \u00c9claircies puis averses &#8211;<\/h2>\n<p class=\"my-2 [&amp;+p]:mt-4 [&amp;_strong:has(+br)]:inline-block [&amp;_strong:has(+br)]:pb-2\">\ud83d\udcc6 mardi 28 avril 2026<\/p>\n<p class=\"my-2 [&amp;+p]:mt-4 [&amp;_strong:has(+br)]:inline-block [&amp;_strong:has(+br)]:pb-2\">\ud83d\ude07 Nous f\u00eatons les <strong>Val\u00e9rie, Vital et Pierre-Marie<\/strong><\/p>\n<p class=\"my-2 [&amp;+p]:mt-4 [&amp;_strong:has(+br)]:inline-block [&amp;_strong:has(+br)]:pb-2\">\ud83c\udf08 Dicton m\u00e9t\u00e9o du jour : <em>\u00ab \u00c0 la Sainte-Val\u00e9rie, souvent le soleil luit. \u00bb<\/em><\/p>\n<p class=\"my-2 [&amp;+p]:mt-4 [&amp;_strong:has(+br)]:inline-block [&amp;_strong:has(+br)]:pb-2\">\ud83e\udd73 Que c\u00e9l\u00e8bre-t-on : Journ\u00e9e mondiale de la S\u00e9curit\u00e9 et de la Sant\u00e9 au Travail<\/p>\n<p class=\"my-2 [&amp;+p]:mt-4 [&amp;_strong:has(+br)]:inline-block [&amp;_strong:has(+br)]:pb-2\">\u00a0118\u00e8me jour de l&rsquo;ann\u00e9e 2026 et 247 jours restants.<\/p>\n<p class=\"my-2 [&amp;+p]:mt-4 [&amp;_strong:has(+br)]:inline-block [&amp;_strong:has(+br)]:pb-2\">\u2601\ufe0fM\u00c9T\u00c9O DU JOUR\u26c5\ufe0f<br \/>\nPour cette journ\u00e9e de mardi, le d\u00e9but de journ\u00e9e s\u2019annonce lumineux avec de belles \u00e9claircies et un temps sec. Une d\u00e9gradation se met rapidement en place sur l\u2019ouest des Pyr\u00e9n\u00e9es-Orientales, avec davantage de nuages et des averses pouvant parfois prendre un caract\u00e8re orageux. Le vent reste g\u00e9n\u00e9ralement faible. Les temp\u00e9ratures minimales sont de 11 \u00e0 14\u00b0C, et de 5 \u00e0 7\u00b0C en haute montagne. Les temp\u00e9ratures maximales atteignent de 19 \u00e0 21\u00b0C, et 16\u00b0C en haute montagne. Pour la nuit suivante, des bancs de brouillard se forment.<\/p>\n<p><img decoding=\"async\" class=\"lazyload alignnone size-full wp-image-59252\" src=\"https:\/\/alertes-meteo.com\/wp-content\/uploads\/2026\/04\/27-Avril-2026.jpg\" data-orig-src=\"https:\/\/alertes-meteo.com\/wp-content\/uploads\/2026\/04\/27-Avril-2026.jpg\" alt=\"\" width=\"1065\" height=\"794\" srcset=\"data:image\/svg+xml,%3Csvg%20xmlns%3D%27http%3A%2F%2Fwww.w3.org%2F2000%2Fsvg%27%20width%3D%271065%27%20height%3D%27794%27%20viewBox%3D%270%200%201065%20794%27%3E%3Crect%20width%3D%271065%27%20height%3D%27794%27%20fill-opacity%3D%220%22%2F%3E%3C%2Fsvg%3E\" data-srcset=\"https:\/\/alertes-meteo.com\/wp-content\/uploads\/2026\/04\/27-Avril-2026-200x149.jpg 200w, https:\/\/alertes-meteo.com\/wp-content\/uploads\/2026\/04\/27-Avril-2026-300x224.jpg 300w, https:\/\/alertes-meteo.com\/wp-content\/uploads\/2026\/04\/27-Avril-2026-400x298.jpg 400w, https:\/\/alertes-meteo.com\/wp-content\/uploads\/2026\/04\/27-Avril-2026-600x447.jpg 600w, https:\/\/alertes-meteo.com\/wp-content\/uploads\/2026\/04\/27-Avril-2026-768x573.jpg 768w, https:\/\/alertes-meteo.com\/wp-content\/uploads\/2026\/04\/27-Avril-2026-800x596.jpg 800w, https:\/\/alertes-meteo.com\/wp-content\/uploads\/2026\/04\/27-Avril-2026-1024x763.jpg 1024w, https:\/\/alertes-meteo.com\/wp-content\/uploads\/2026\/04\/27-Avril-2026.jpg 1065w\" data-sizes=\"auto\" data-orig-sizes=\"(max-width: 1065px) 100vw, 1065px\" \/><\/p>\n<p class=\"my-2 [&amp;+p]:mt-4 [&amp;_strong:has(+br)]:inline-block [&amp;_strong:has(+br)]:pb-2\">\ud83c\udf0a\u00c9tat de la mer :<br \/>\nLa mer reste belle sur le littoral catalan, sous un vent de secteur Sud-Est faible \u00e0 mod\u00e9r\u00e9, parfois un peu plus sensible en fin de journ\u00e9e. La houle reste peu marqu\u00e9e, la visibilit\u00e9 demeure bonne, avec des nuages bas en premi\u00e8re partie de journ\u00e9e puis un ciel plus voil\u00e9 par la suite.<\/p>\n<p class=\"my-2 [&amp;+p]:mt-4 [&amp;_strong:has(+br)]:inline-block [&amp;_strong:has(+br)]:pb-2\">\ud83c\udf21\ufe0fTemp\u00e9ratures mer : 15 \u00e0 16\u00b0C<\/p>\n<p class=\"my-2 [&amp;+p]:mt-4 [&amp;_strong:has(+br)]:inline-block [&amp;_strong:has(+br)]:pb-2\">\ud83e\udd27 ALLERGIES<\/p>\n<p class=\"my-2 [&amp;+p]:mt-4 [&amp;_strong:has(+br)]:inline-block [&amp;_strong:has(+br)]:pb-2\">Surveillez les pollens ! Les gramin\u00e9es sont en plein essor dans les Pyr\u00e9n\u00e9es-Orientales avec un risque qualifi\u00e9 de mod\u00e9r\u00e9.<\/p>\n<p class=\"my-2 [&amp;+p]:mt-4 [&amp;_strong:has(+br)]:inline-block [&amp;_strong:has(+br)]:pb-2\">\ud83c\udf05 <strong>Lever du Soleil :<\/strong> 06h45<\/p>\n<p class=\"my-2 [&amp;+p]:mt-4 [&amp;_strong:has(+br)]:inline-block [&amp;_strong:has(+br)]:pb-2\">\ud83c\udf19 <strong>Coucher du soleil :<\/strong> 20h46 \u2014 Soit une dur\u00e9e du jour de <strong>14h01<\/strong><\/p>\n<p class=\"my-2 [&amp;+p]:mt-4 [&amp;_strong:has(+br)]:inline-block [&amp;_strong:has(+br)]:pb-2\">\ud83c\udf14 <strong>C&rsquo;est la lune croissante<\/strong> (environ 28% d&rsquo;illumination \u2014 Premier Quartier dans les prochains jours)<\/p>\n<\/div>\n<\/div>\n<\/div>\n<\/div>\n<\/div>\n<\/div>\n<div class=\"\" data-block=\"true\" data-editor=\"aetu0\" data-offset-key=\"eng18-0-0\"><\/div>\n<div class=\"\" data-block=\"true\" data-editor=\"3g906\" data-offset-key=\"eoslk-0-0\">\n<div class=\"_1mf _1mj\" data-offset-key=\"eoslk-0-0\"><span data-offset-key=\"eoslk-0-0\">Franck<\/span><\/div>\n<\/div>\n<div class=\"\" data-block=\"true\" data-editor=\"3g906\" data-offset-key=\"ck64l-0-0\">\n<div class=\"_1mf _1mj\" data-offset-key=\"ck64l-0-0\"><span data-offset-key=\"ck64l-0-0\">M\u00e9t\u00e9o.PaysCatalan<\/span><\/div>\n<\/div>\n<div class=\"\" data-block=\"true\" data-editor=\"3g906\" data-offset-key=\"8n1vi-0-0\">\n<div class=\"_1mf _1mj\" data-offset-key=\"8n1vi-0-0\"><span data-offset-key=\"8n1vi-0-0\">\u00a0<\/span><\/div>\n<\/div>\n<div class=\"\" data-block=\"true\" data-editor=\"3g906\" data-offset-key=\"9e6t9-0-0\">\n<div class=\"_1mf _1mj\" data-offset-key=\"9e6t9-0-0\">PAGE FACEBOOK OFFICIELLE : <a href=\"https:\/\/www.facebook.com\/mto.PaysCatalan\">https:\/\/www.facebook.com\/mto.PaysCatalan<\/a><\/div>\n<\/div>\n","protected":false},"excerpt":{"rendered":"<p>\ud83d\udcdd #Pr\u00e9visionM\u00e9t\u00e9o \u27a1\ufe0f PYR\u00c9N\u00c9ES-ORIENTALES : \u00c9claircies puis averses &#8211; \ud83d\udcc6  [&#8230;]<\/p>\n","protected":false},"author":1,"featured_media":59252,"comment_status":"closed","ping_status":"closed","sticky":false,"template":"","format":"standard","meta":{"_seopress_robots_primary_cat":"none","_seopress_titles_title":"M\u00e9t\u00e9o du mardi 28 avril 2026 dans les Pyr\u00e9n\u00e9es-Orientales","_seopress_titles_desc":"Carte m\u00e9t\u00e9o du jour dans les Pyr\u00e9n\u00e9es-Orientales (66) : pr\u00e9visions d\u00e9taill\u00e9es, temp\u00e9ratures, vent, soleil, pluie, risques m\u00e9t\u00e9o, \u00e9tat et temp\u00e9rature de la mer","_seopress_robots_index":"","footnotes":""},"categories":[80,154],"tags":[],"class_list":["post-59250","post","type-post","status-publish","format-standard","has-post-thumbnail","hentry","category-actualite","category-pyrenees-orientales"],"_links":{"self":[{"href":"https:\/\/alertes-meteo.com\/index.php\/wp-json\/wp\/v2\/posts\/59250","targetHints":{"allow":["GET"]}}],"collection":[{"href":"https:\/\/alertes-meteo.com\/index.php\/wp-json\/wp\/v2\/posts"}],"about":[{"href":"https:\/\/alertes-meteo.com\/index.php\/wp-json\/wp\/v2\/types\/post"}],"author":[{"embeddable":true,"href":"https:\/\/alertes-meteo.com\/index.php\/wp-json\/wp\/v2\/users\/1"}],"replies":[{"embeddable":true,"href":"https:\/\/alertes-meteo.com\/index.php\/wp-json\/wp\/v2\/comments?post=59250"}],"version-history":[{"count":3,"href":"https:\/\/alertes-meteo.com\/index.php\/wp-json\/wp\/v2\/posts\/59250\/revisions"}],"predecessor-version":[{"id":59254,"href":"https:\/\/alertes-meteo.com\/index.php\/wp-json\/wp\/v2\/posts\/59250\/revisions\/59254"}],"wp:featuredmedia":[{"embeddable":true,"href":"https:\/\/alertes-meteo.com\/index.php\/wp-json\/wp\/v2\/media\/59252"}],"wp:attachment":[{"href":"https:\/\/alertes-meteo.com\/index.php\/wp-json\/wp\/v2\/media?parent=59250"}],"wp:term":[{"taxonomy":"category","embeddable":true,"href":"https:\/\/alertes-meteo.com\/index.php\/wp-json\/wp\/v2\/categories?post=59250"},{"taxonomy":"post_tag","embeddable":true,"href":"https:\/\/alertes-meteo.com\/index.php\/wp-json\/wp\/v2\/tags?post=59250"}],"curies":[{"name":"wp","href":"https:\/\/api.w.org\/{rel}","templated":true}]}}