{"id":59245,"date":"2026-04-27T08:22:29","date_gmt":"2026-04-27T06:22:29","guid":{"rendered":"https:\/\/alertes-meteo.com\/?p=59245"},"modified":"2026-04-27T08:22:29","modified_gmt":"2026-04-27T06:22:29","slug":"previsions-meteo-du-lundi-27-avril-2026-le-thermometre-grimpe-et-atteint-28-dans-le-sud-ouest","status":"publish","type":"post","link":"https:\/\/alertes-meteo.com\/index.php\/2026\/04\/27\/previsions-meteo-du-lundi-27-avril-2026-le-thermometre-grimpe-et-atteint-28-dans-le-sud-ouest\/","title":{"rendered":"Pr\u00e9visions M\u00e9t\u00e9o du lundi 27 Avril 2026 &#8211; Le thermom\u00e8tre grimpe et atteint 28\u00b0 dans le sud-ouest."},"content":{"rendered":"<h2 class=\"my-2 [&amp;+p]:mt-4 [&amp;_strong:has(+br)]:inline-block [&amp;_strong:has(+br)]:pb-2\">M\u00e9t\u00e9o du jour (lundi 27 avril 2026)<\/h2>\n<p class=\"my-2 [&amp;+p]:mt-4 [&amp;_strong:has(+br)]:inline-block [&amp;_strong:has(+br)]:pb-2\">+\ud83e\udd73 Sainte Zita<\/p>\n<p class=\"my-2 [&amp;+p]:mt-4 [&amp;_strong:has(+br)]:inline-block [&amp;_strong:has(+br)]:pb-2\">-&gt; Dicton du jour : \u00c0 la Sainte-Zita, le beau temps viendra.<\/p>\n<p class=\"my-2 [&amp;+p]:mt-4 [&amp;_strong:has(+br)]:inline-block [&amp;_strong:has(+br)]:pb-2\">Coucher du soleil : 20h55<\/p>\n<p class=\"my-2 [&amp;+p]:mt-4 [&amp;_strong:has(+br)]:inline-block [&amp;_strong:has(+br)]:pb-2\">On gagne 3 minutes. Dur\u00e9e du jour : 14h20<\/p>\n<p class=\"my-2 [&amp;+p]:mt-4 [&amp;_strong:has(+br)]:inline-block [&amp;_strong:has(+br)]:pb-2\">M\u00e9t\u00e9o du jour : Vigilance du jour : Orages marqu\u00e9s sur le sud.<br \/>\nUn front nuageux traverse les Ardennes et le Bassin parisien. Le ciel reste sec mais la grisaille domine ces r\u00e9gions. Le soleil brille g\u00e9n\u00e9reusement sur une grande partie du territoire. Des orages \u00e9clatent sur les Pyr\u00e9n\u00e9es et les Alpes l&rsquo;apr\u00e8s-midi. Ces cellules orageuses apportent de fortes pluies et de la gr\u00eale. La chaleur s&rsquo;installe rapidement sur les zones au sud de la Garonne.<\/p>\n<p class=\"my-2 [&amp;+p]:mt-4 [&amp;_strong:has(+br)]:inline-block [&amp;_strong:has(+br)]:pb-2\">Tendance m\u00e9t\u00e9o : Une instabilit\u00e9 grandissante<\/p>\n<p class=\"my-2 [&amp;+p]:mt-4 [&amp;_strong:has(+br)]:inline-block [&amp;_strong:has(+br)]:pb-2\">Le sud subit un temps lourd et de plus en plus instable. Des averses et des orages frapperont ces r\u00e9gions mardi soir. Cette d\u00e9gradation atteindra le nord du pays en fin de semaine. Le d\u00e9but du mois de mai reste donc tr\u00e8s incertain.<\/p>\n<p class=\"my-2 [&amp;+p]:mt-4 [&amp;_strong:has(+br)]:inline-block [&amp;_strong:has(+br)]:pb-2\">\ud83c\udf21\ufe0f Les extr\u00eames des derni\u00e8res heures : -2,7\u00b0C \u00e0 Mourmelon-le-Grand (51) et 30,8\u00b0C \u00e0 Puimisson (34).<\/p>\n<p class=\"my-2 [&amp;+p]:mt-4 [&amp;_strong:has(+br)]:inline-block [&amp;_strong:has(+br)]:pb-2\">\ud83d\udca7 Pluie record derni\u00e8res heures : 14 mm \u00e0 Targassonne (66).<\/p>\n<p>\u2022 Vigilances en cours :<\/p>\n<p>\ud83d\udfe1 orages : Alpes de Haute Provence, Alpes Maritimes, Ari\u00e8ge, Aveyron, Haute Garonne, Gers, Landes, Loz\u00e8re, Pyr\u00e9n\u00e9es Atlantiques, Hautes Pyr\u00e9n\u00e9es, Pyr\u00e9n\u00e9es Orientales, Tarn, Andorre.<\/p>\n<div id=\"attachment_59248\" style=\"width: 644px\" class=\"wp-caption alignnone\"><img decoding=\"async\" aria-describedby=\"caption-attachment-59248\" class=\"lazyload size-full wp-image-59248\" src=\"https:\/\/alertes-meteo.com\/wp-content\/uploads\/2026\/04\/27-04-2026-08h10_50.png\" data-orig-src=\"https:\/\/alertes-meteo.com\/wp-content\/uploads\/2026\/04\/27-04-2026-08h10_50.png\" alt=\"Vigilance du jour : Orages marqu\u00e9s sur le sud.\" width=\"634\" height=\"691\" srcset=\"data:image\/svg+xml,%3Csvg%20xmlns%3D%27http%3A%2F%2Fwww.w3.org%2F2000%2Fsvg%27%20width%3D%27634%27%20height%3D%27691%27%20viewBox%3D%270%200%20634%20691%27%3E%3Crect%20width%3D%27634%27%20height%3D%27691%27%20fill-opacity%3D%220%22%2F%3E%3C%2Fsvg%3E\" data-srcset=\"https:\/\/alertes-meteo.com\/wp-content\/uploads\/2026\/04\/27-04-2026-08h10_50-200x218.png 200w, https:\/\/alertes-meteo.com\/wp-content\/uploads\/2026\/04\/27-04-2026-08h10_50-275x300.png 275w, https:\/\/alertes-meteo.com\/wp-content\/uploads\/2026\/04\/27-04-2026-08h10_50-400x436.png 400w, https:\/\/alertes-meteo.com\/wp-content\/uploads\/2026\/04\/27-04-2026-08h10_50-600x654.png 600w, https:\/\/alertes-meteo.com\/wp-content\/uploads\/2026\/04\/27-04-2026-08h10_50.png 634w\" data-sizes=\"auto\" data-orig-sizes=\"(max-width: 634px) 100vw, 634px\" \/><p id=\"caption-attachment-59248\" class=\"wp-caption-text\">Vigilance du jour : Orages marqu\u00e9s sur le sud.<\/p><\/div>\n<p>Ce service propose des bulletins m\u00e9t\u00e9orologiques pr\u00e9cis, des analyses de masses d&rsquo;air et des pr\u00e9visions de temp\u00e9ratures \u00e0 court et moyen terme. Nous synth\u00e9tisons les donn\u00e9es atmosph\u00e9riques pour fournir des informations locales claires et fiables.<\/p>\n<p><a href=\"https:\/\/alertes-meteo.com\/index.php\/contact\/\">Contact<\/a><\/p>\n","protected":false},"excerpt":{"rendered":"<p>M\u00e9t\u00e9o du jour (lundi 27 avril 2026) +\ud83e\udd73 Sainte Zita  [&#8230;]<\/p>\n","protected":false},"author":1,"featured_media":59247,"comment_status":"closed","ping_status":"closed","sticky":false,"template":"","format":"standard","meta":{"_seopress_robots_primary_cat":"none","_seopress_titles_title":"Point m\u00e9t\u00e9o en France du lundi 27 avril 2026 - www.alertes-meteo.com","_seopress_titles_desc":"Consultez les pr\u00e9visions m\u00e9t\u00e9o en France. Carte de vigilance, temp\u00e9ratures maximales, le risque d'orage, de pluie, de neige et les tendances m\u00e9t\u00e9o pour la France","_seopress_robots_index":"","footnotes":""},"categories":[80,152,147],"tags":[],"class_list":["post-59245","post","type-post","status-publish","format-standard","has-post-thumbnail","hentry","category-actualite","category-alertes","category-previsions-meteo-france"],"_links":{"self":[{"href":"https:\/\/alertes-meteo.com\/index.php\/wp-json\/wp\/v2\/posts\/59245","targetHints":{"allow":["GET"]}}],"collection":[{"href":"https:\/\/alertes-meteo.com\/index.php\/wp-json\/wp\/v2\/posts"}],"about":[{"href":"https:\/\/alertes-meteo.com\/index.php\/wp-json\/wp\/v2\/types\/post"}],"author":[{"embeddable":true,"href":"https:\/\/alertes-meteo.com\/index.php\/wp-json\/wp\/v2\/users\/1"}],"replies":[{"embeddable":true,"href":"https:\/\/alertes-meteo.com\/index.php\/wp-json\/wp\/v2\/comments?post=59245"}],"version-history":[{"count":2,"href":"https:\/\/alertes-meteo.com\/index.php\/wp-json\/wp\/v2\/posts\/59245\/revisions"}],"predecessor-version":[{"id":59249,"href":"https:\/\/alertes-meteo.com\/index.php\/wp-json\/wp\/v2\/posts\/59245\/revisions\/59249"}],"wp:featuredmedia":[{"embeddable":true,"href":"https:\/\/alertes-meteo.com\/index.php\/wp-json\/wp\/v2\/media\/59247"}],"wp:attachment":[{"href":"https:\/\/alertes-meteo.com\/index.php\/wp-json\/wp\/v2\/media?parent=59245"}],"wp:term":[{"taxonomy":"category","embeddable":true,"href":"https:\/\/alertes-meteo.com\/index.php\/wp-json\/wp\/v2\/categories?post=59245"},{"taxonomy":"post_tag","embeddable":true,"href":"https:\/\/alertes-meteo.com\/index.php\/wp-json\/wp\/v2\/tags?post=59245"}],"curies":[{"name":"wp","href":"https:\/\/api.w.org\/{rel}","templated":true}]}}