{"id":59242,"date":"2026-04-26T17:19:49","date_gmt":"2026-04-26T15:19:49","guid":{"rendered":"https:\/\/alertes-meteo.com\/?p=59242"},"modified":"2026-04-26T09:40:05","modified_gmt":"2026-04-26T07:40:05","slug":"point-meteo-du-lundi-27-avril-2026-dans-les-pyrenees-orientales","status":"publish","type":"post","link":"https:\/\/alertes-meteo.com\/index.php\/2026\/04\/26\/point-meteo-du-lundi-27-avril-2026-dans-les-pyrenees-orientales\/","title":{"rendered":"Point m\u00e9t\u00e9o du lundi 27 avril 2026 dans les Pyr\u00e9n\u00e9es-Orientales"},"content":{"rendered":"<div class=\"\" data-block=\"true\" data-editor=\"aetu0\" data-offset-key=\"8q9q4-0-0\">\n<div class=\"_1mf _1mj\" data-offset-key=\"8q9q4-0-0\">\n<div class=\"response-container-content ng-tns-c982642397-25 has-thoughts\">\n<div class=\"response-content ng-tns-c982642397-25\">\n<div class=\"container\">\n<div id=\"model-response-message-contentr_e64bd5e8882ce950\" class=\"markdown markdown-main-panel stronger enable-updated-hr-color\" dir=\"ltr\" aria-live=\"polite\" aria-busy=\"false\">\n<p class=\"my-2 [&amp;+p]:mt-4 [&amp;_strong:has(+br)]:inline-block [&amp;_strong:has(+br)]:pb-2\">\ud83d\udcdd #Pr\u00e9visionM\u00e9t\u00e9o \u27a1\ufe0f PYR\u00c9N\u00c9ES-ORIENTALES : Averses et orages \u00e0 l&rsquo;Ouest &#8211;<br \/>\n\ud83d\udcc6 Lundi 27 avril 2026<br \/>\n\ud83d\ude07 Nous f\u00eatons les\u00a0<strong>Zita<\/strong><br \/>\n\ud83c\udf08 Dicton m\u00e9t\u00e9o du jour :\u00a0\u00ab \u00c0 la Sainte Zita, chenilles et pucerons font la fiesta. \u00bb<br \/>\n<strong>117\u00e8me<\/strong>\u00a0jour de l&rsquo;ann\u00e9e 2026 et\u00a0<strong>248<\/strong> jours restants.<\/p>\n<p class=\"my-2 [&amp;+p]:mt-4 [&amp;_strong:has(+br)]:inline-block [&amp;_strong:has(+br)]:pb-2\">\u2601\ufe0f<strong>M\u00c9T\u00c9O DU JOUR<\/strong>\u26c5\ufe0f<br \/>\nPour cette journ\u00e9e de lundi, le temps se montre tr\u00e8s contrast\u00e9 selon les secteurs des Pyr\u00e9n\u00e9es-Orientales. Sur l&rsquo;Ouest du d\u00e9partement, des averses ponctuent la journ\u00e9e d\u00e8s le matin et deviennent plus fr\u00e9quentes et plus soutenues \u00e0 partir de la fin de matin\u00e9e, accompagn\u00e9es d&rsquo;un risque orageux qui se manifeste localement. La plaine, quant \u00e0 elle, reste \u00e9pargn\u00e9e par ces pr\u00e9cipitations et b\u00e9n\u00e9ficie d&rsquo;un temps plus calme. Le vent demeure faible dans l&rsquo;ensemble sur l&rsquo;ensemble du territoire. Les temp\u00e9ratures minimales sont voisines de 11 \u00e0 14\u00b0C sur la plaine et le littoral, et comprises entre 4 et 7\u00b0C en haute montagne ; les maximales atteignent 21 \u00e0 24\u00b0C en plaine, et 16\u00b0C en haute montagne. Pour la nuit suivante, un voile nuageux contrarie le ciel toute la nuit sur l&rsquo;ensemble du d\u00e9partement.<\/p>\n<p><img decoding=\"async\" class=\"lazyload alignnone size-full wp-image-59243\" src=\"https:\/\/alertes-meteo.com\/wp-content\/uploads\/2026\/04\/26-Avril-2026-1.jpg\" data-orig-src=\"https:\/\/alertes-meteo.com\/wp-content\/uploads\/2026\/04\/26-Avril-2026-1.jpg\" alt=\"\" width=\"1065\" height=\"794\" srcset=\"data:image\/svg+xml,%3Csvg%20xmlns%3D%27http%3A%2F%2Fwww.w3.org%2F2000%2Fsvg%27%20width%3D%271065%27%20height%3D%27794%27%20viewBox%3D%270%200%201065%20794%27%3E%3Crect%20width%3D%271065%27%20height%3D%27794%27%20fill-opacity%3D%220%22%2F%3E%3C%2Fsvg%3E\" data-srcset=\"https:\/\/alertes-meteo.com\/wp-content\/uploads\/2026\/04\/26-Avril-2026-1-200x149.jpg 200w, https:\/\/alertes-meteo.com\/wp-content\/uploads\/2026\/04\/26-Avril-2026-1-300x224.jpg 300w, https:\/\/alertes-meteo.com\/wp-content\/uploads\/2026\/04\/26-Avril-2026-1-400x298.jpg 400w, https:\/\/alertes-meteo.com\/wp-content\/uploads\/2026\/04\/26-Avril-2026-1-600x447.jpg 600w, https:\/\/alertes-meteo.com\/wp-content\/uploads\/2026\/04\/26-Avril-2026-1-768x573.jpg 768w, https:\/\/alertes-meteo.com\/wp-content\/uploads\/2026\/04\/26-Avril-2026-1-800x596.jpg 800w, https:\/\/alertes-meteo.com\/wp-content\/uploads\/2026\/04\/26-Avril-2026-1-1024x763.jpg 1024w, https:\/\/alertes-meteo.com\/wp-content\/uploads\/2026\/04\/26-Avril-2026-1.jpg 1065w\" data-sizes=\"auto\" data-orig-sizes=\"(max-width: 1065px) 100vw, 1065px\" \/><\/p>\n<p class=\"my-2 [&amp;+p]:mt-4 [&amp;_strong:has(+br)]:inline-block [&amp;_strong:has(+br)]:pb-2\">\ud83c\udf0a<strong>\u00c9tat de la mer :<\/strong><br \/>\nCe lundi, le vent de secteur Nord-Est de force 2 \u00e0 4 tourne progressivement vers le secteur Sud en cours de journ\u00e9e. La mer est belle, sans houle significative. Des bancs de brume persistent en d\u00e9but de journ\u00e9e avant de laisser place \u00e0 un ensoleillement marqu\u00e9. La visibilit\u00e9 est bonne, localement moyenne \u00e0 mauvaise dans les zones de brume matinale.<\/p>\n<p class=\"my-2 [&amp;+p]:mt-4 [&amp;_strong:has(+br)]:inline-block [&amp;_strong:has(+br)]:pb-2\">\ud83c\udf21\ufe0fTemp\u00e9ratures mer : 15\u00b0C<\/p>\n<p class=\"my-2 [&amp;+p]:mt-4 [&amp;_strong:has(+br)]:inline-block [&amp;_strong:has(+br)]:pb-2\">\ud83e\udd27 <strong>ALLERGIES<\/strong><br \/>\nSurveillez les pollens ! En ce mois d&rsquo;avril, les pollens de gramin\u00e9es, de platanes et d&rsquo;oliviers sont en plein essor dans les Pyr\u00e9n\u00e9es-Orientales. Consultez la carte journali\u00e8re sur le site d&rsquo;Atmo Occitanie pour votre commune. \ud83c\udf3f<\/p>\n<p class=\"my-2 [&amp;+p]:mt-4 [&amp;_strong:has(+br)]:inline-block [&amp;_strong:has(+br)]:pb-2\">\ud83c\udf05 Lever du Soleil : <strong>6h37<\/strong><br \/>\n\ud83c\udf19 Coucher du soleil :\u00a0<strong>20h35<\/strong>\u00a0&#8211; Soit une dur\u00e9e du jour de\u00a0<strong>13h58<\/strong><span data-offset-key=\"ugls-0-0\">\u00a0<\/span><\/p>\n<\/div>\n<\/div>\n<\/div>\n<\/div>\n<\/div>\n<\/div>\n<div class=\"\" data-block=\"true\" data-editor=\"aetu0\" data-offset-key=\"eng18-0-0\"><\/div>\n<div class=\"\" data-block=\"true\" data-editor=\"3g906\" data-offset-key=\"eoslk-0-0\">\n<div class=\"_1mf _1mj\" data-offset-key=\"eoslk-0-0\"><span data-offset-key=\"eoslk-0-0\">Franck<\/span><\/div>\n<\/div>\n<div class=\"\" data-block=\"true\" data-editor=\"3g906\" data-offset-key=\"ck64l-0-0\">\n<div class=\"_1mf _1mj\" data-offset-key=\"ck64l-0-0\"><span data-offset-key=\"ck64l-0-0\">M\u00e9t\u00e9o.PaysCatalan<\/span><\/div>\n<\/div>\n<div class=\"\" data-block=\"true\" data-editor=\"3g906\" data-offset-key=\"8n1vi-0-0\">\n<div class=\"_1mf _1mj\" data-offset-key=\"8n1vi-0-0\"><span data-offset-key=\"8n1vi-0-0\">\u00a0<\/span><\/div>\n<\/div>\n<div class=\"\" data-block=\"true\" data-editor=\"3g906\" data-offset-key=\"9e6t9-0-0\">\n<div class=\"_1mf _1mj\" data-offset-key=\"9e6t9-0-0\">PAGE FACEBOOK OFFICIELLE : <a href=\"https:\/\/www.facebook.com\/mto.PaysCatalan\">https:\/\/www.facebook.com\/mto.PaysCatalan<\/a><\/div>\n<\/div>\n","protected":false},"excerpt":{"rendered":"<p>\ud83d\udcdd #Pr\u00e9visionM\u00e9t\u00e9o \u27a1\ufe0f PYR\u00c9N\u00c9ES-ORIENTALES : Averses et orages \u00e0 l&rsquo;Ouest  [&#8230;]<\/p>\n","protected":false},"author":1,"featured_media":59243,"comment_status":"closed","ping_status":"closed","sticky":false,"template":"","format":"standard","meta":{"_seopress_robots_primary_cat":"none","_seopress_titles_title":"M\u00e9t\u00e9o du lundi 27 avril 2026 dans les Pyr\u00e9n\u00e9es-Orientales","_seopress_titles_desc":"Carte m\u00e9t\u00e9o du jour dans les Pyr\u00e9n\u00e9es-Orientales (66) : pr\u00e9visions d\u00e9taill\u00e9es, temp\u00e9ratures, vent, soleil, pluie, risques m\u00e9t\u00e9o, \u00e9tat et temp\u00e9rature de la mer","_seopress_robots_index":"","footnotes":""},"categories":[80,154],"tags":[],"class_list":["post-59242","post","type-post","status-publish","format-standard","has-post-thumbnail","hentry","category-actualite","category-pyrenees-orientales"],"_links":{"self":[{"href":"https:\/\/alertes-meteo.com\/index.php\/wp-json\/wp\/v2\/posts\/59242","targetHints":{"allow":["GET"]}}],"collection":[{"href":"https:\/\/alertes-meteo.com\/index.php\/wp-json\/wp\/v2\/posts"}],"about":[{"href":"https:\/\/alertes-meteo.com\/index.php\/wp-json\/wp\/v2\/types\/post"}],"author":[{"embeddable":true,"href":"https:\/\/alertes-meteo.com\/index.php\/wp-json\/wp\/v2\/users\/1"}],"replies":[{"embeddable":true,"href":"https:\/\/alertes-meteo.com\/index.php\/wp-json\/wp\/v2\/comments?post=59242"}],"version-history":[{"count":1,"href":"https:\/\/alertes-meteo.com\/index.php\/wp-json\/wp\/v2\/posts\/59242\/revisions"}],"predecessor-version":[{"id":59244,"href":"https:\/\/alertes-meteo.com\/index.php\/wp-json\/wp\/v2\/posts\/59242\/revisions\/59244"}],"wp:featuredmedia":[{"embeddable":true,"href":"https:\/\/alertes-meteo.com\/index.php\/wp-json\/wp\/v2\/media\/59243"}],"wp:attachment":[{"href":"https:\/\/alertes-meteo.com\/index.php\/wp-json\/wp\/v2\/media?parent=59242"}],"wp:term":[{"taxonomy":"category","embeddable":true,"href":"https:\/\/alertes-meteo.com\/index.php\/wp-json\/wp\/v2\/categories?post=59242"},{"taxonomy":"post_tag","embeddable":true,"href":"https:\/\/alertes-meteo.com\/index.php\/wp-json\/wp\/v2\/tags?post=59242"}],"curies":[{"name":"wp","href":"https:\/\/api.w.org\/{rel}","templated":true}]}}