{"id":59234,"date":"2026-04-25T17:42:55","date_gmt":"2026-04-25T15:42:55","guid":{"rendered":"https:\/\/alertes-meteo.com\/?p=59234"},"modified":"2026-04-25T08:52:04","modified_gmt":"2026-04-25T06:52:04","slug":"point-meteo-du-dimanche-26-avril-2026-dans-les-pyrenees-orientales","status":"publish","type":"post","link":"https:\/\/alertes-meteo.com\/index.php\/2026\/04\/25\/point-meteo-du-dimanche-26-avril-2026-dans-les-pyrenees-orientales\/","title":{"rendered":"Point m\u00e9t\u00e9o du Dimanche 26 avril 2026 dans les Pyr\u00e9n\u00e9es-Orientales"},"content":{"rendered":"<div class=\"\" data-block=\"true\" data-editor=\"aetu0\" data-offset-key=\"8q9q4-0-0\">\n<div class=\"_1mf _1mj\" data-offset-key=\"8q9q4-0-0\">\n<div class=\"response-container-content ng-tns-c982642397-25 has-thoughts\">\n<div class=\"response-content ng-tns-c982642397-25\">\n<div class=\"container\">\n<div id=\"model-response-message-contentr_e64bd5e8882ce950\" class=\"markdown markdown-main-panel stronger enable-updated-hr-color\" dir=\"ltr\" aria-live=\"polite\" aria-busy=\"false\">\n<h2 data-path-to-node=\"0\">PYR\u00c9N\u00c9ES-ORIENTALES : Soleil matinal et orages locaux<\/h2>\n<p data-path-to-node=\"0\">\ud83d\udcc6 dimanche 26 avril 2026 \ud83d\ude07 Nous f\u00eatons les Alida \ud83c\udf08 Dicton m\u00e9t\u00e9o du jour : \u00ab \u00c0 la Saint-Alida, on ramasse ce qu&rsquo;on a. \u00bb<\/p>\n<p data-path-to-node=\"0\">\ud83e\udd73 Que c\u00e9l\u00e8bre-t-on : Journ\u00e9e mondiale de la propri\u00e9t\u00e9 intellectuelle 116\u00e8me jour de l\u2019ann\u00e9e 2026 et 249 jours restants.<\/p>\n<p data-path-to-node=\"1\">\u2601\ufe0fM\u00c9T\u00c9O DU JOUR\u26c5\ufe0f Pour cette journ\u00e9e de dimanche, d\u00e8s le matin, les \u00e9claircies sont belles et le temps reste sec sur l&rsquo;ensemble du d\u00e9partement. Pour l&rsquo;apr\u00e8s-midi, une d\u00e9gradation se met en place avec des nuages de plus en plus nombreux, apportant des averses parfois orageuses sur l&rsquo;ouest des Pyr\u00e9n\u00e9es-Orientales. Le vent reste g\u00e9n\u00e9ralement faible sur les terres, soufflant entre 10 et 20 km\/h. Les temp\u00e9ratures minimales sont voisines de 11 \u00e0 12\u00b0C dans le Vallespir et le Conflent, de 5 \u00e0 8\u00b0C en haute montagne, et de 16 \u00e0 19\u00b0C sur le reste de la plaine et du littoral. Les temp\u00e9ratures maximales atteignent 25 \u00e0 28\u00b0C en plaine, de 19 \u00e0 20\u00b0C dans le Vallespir et de 14 \u00e0 16\u00b0C en haute montagne. Pour la nuit suivante, le ciel redevient totalement clair.<\/p>\n<p data-path-to-node=\"1\"><img decoding=\"async\" class=\"lazyload alignnone size-full wp-image-59235\" src=\"https:\/\/alertes-meteo.com\/wp-content\/uploads\/2026\/04\/26-Avril-2026.jpg\" data-orig-src=\"https:\/\/alertes-meteo.com\/wp-content\/uploads\/2026\/04\/26-Avril-2026.jpg\" alt=\"\" width=\"1065\" height=\"794\" srcset=\"data:image\/svg+xml,%3Csvg%20xmlns%3D%27http%3A%2F%2Fwww.w3.org%2F2000%2Fsvg%27%20width%3D%271065%27%20height%3D%27794%27%20viewBox%3D%270%200%201065%20794%27%3E%3Crect%20width%3D%271065%27%20height%3D%27794%27%20fill-opacity%3D%220%22%2F%3E%3C%2Fsvg%3E\" data-srcset=\"https:\/\/alertes-meteo.com\/wp-content\/uploads\/2026\/04\/26-Avril-2026-200x149.jpg 200w, https:\/\/alertes-meteo.com\/wp-content\/uploads\/2026\/04\/26-Avril-2026-300x224.jpg 300w, https:\/\/alertes-meteo.com\/wp-content\/uploads\/2026\/04\/26-Avril-2026-400x298.jpg 400w, https:\/\/alertes-meteo.com\/wp-content\/uploads\/2026\/04\/26-Avril-2026-600x447.jpg 600w, https:\/\/alertes-meteo.com\/wp-content\/uploads\/2026\/04\/26-Avril-2026-768x573.jpg 768w, https:\/\/alertes-meteo.com\/wp-content\/uploads\/2026\/04\/26-Avril-2026-800x596.jpg 800w, https:\/\/alertes-meteo.com\/wp-content\/uploads\/2026\/04\/26-Avril-2026-1024x763.jpg 1024w, https:\/\/alertes-meteo.com\/wp-content\/uploads\/2026\/04\/26-Avril-2026.jpg 1065w\" data-sizes=\"auto\" data-orig-sizes=\"(max-width: 1065px) 100vw, 1065px\" \/><\/p>\n<p data-path-to-node=\"2\">\ud83c\udf0a\u00c9tat de la mer : La mer est belle \u00e0 peu agit\u00e9e en matin\u00e9e sous un ciel bien ensoleill\u00e9. Le vent, d&rsquo;abord de secteur Ouest \u00e0 Nord-Ouest entre 30 et 40 km\/h vers la C\u00f4te Vermeille, devient temporairement variable \u00e0 la mi-journ\u00e9e avant de basculer au Sud \u00e0 Sud-Est entre 20 et 30 km\/h l&rsquo;apr\u00e8s-midi. La houle est non significative et la visibilit\u00e9 reste bonne.<\/p>\n<p data-path-to-node=\"3\">\ud83c\udf21\ufe0fTemp\u00e9ratures mer : 15\u00b0C<\/p>\n<p data-path-to-node=\"4\">\ud83e\udd27 ALLERGIES Risque \u00e9lev\u00e9 ! En cette fin de mois d&rsquo;avril, les pollens de gramin\u00e9es et de ch\u00eane sont en plein essor dans les Pyr\u00e9n\u00e9es-Orientales. Soyez vigilants si vous \u00eates sensibles et consultez la carte journali\u00e8re sur le site d&rsquo;Atmo Occitanie pour votre commune. \ud83c\udf3f<\/p>\n<p data-path-to-node=\"5\">\ud83c\udf05Lever du Soleil : 06h44 \ud83c\udf19Coucher du soleil : 20h44 &#8211; Soit une dur\u00e9e du jour de 14h00 \ud83c\udf14C&rsquo;est la lune gibbeuse croissante (78%)<\/p>\n<p data-path-to-node=\"6\">\u25fc\ufe0fTemp\u00e9ratures records pour la station de Perpignan<\/p>\n<p data-path-to-node=\"6\">\ud83d\udcc9 Valeur la plus basse : 2.1\u00b0C (1919)<\/p>\n<p data-path-to-node=\"6\">\ud83d\udcc8 Valeur la plus \u00e9lev\u00e9e : 29.1\u00b0C (2007)<\/p>\n<p data-path-to-node=\"6\">\ud83d\udcca Normales du jour : mini : 10\u00b0C \/ maxi : 20\u00b0C<\/p>\n<p data-path-to-node=\"7\">\ud83d\udcdc \u00c9v\u00e9nement m\u00e9t\u00e9o marquant sur les Pyr\u00e9n\u00e9es-Orientales : Le 26 avril 2007, une chaleur exceptionnelle concernait Perpignan avec un record de 29,1\u00b0C, t\u00e9moignant de la pr\u00e9cocit\u00e9 de certains \u00e9pisodes estivaux en terre catalane. \ud83c\udf26\ufe0f<\/p>\n<\/div>\n<\/div>\n<\/div>\n<\/div>\n<\/div>\n<\/div>\n<div class=\"\" data-block=\"true\" data-editor=\"aetu0\" data-offset-key=\"ugls-0-0\">\n<div class=\"_1mf _1mj\" data-offset-key=\"ugls-0-0\"><span data-offset-key=\"ugls-0-0\">\u00a0<\/span><\/div>\n<\/div>\n<div class=\"\" data-block=\"true\" data-editor=\"aetu0\" data-offset-key=\"eng18-0-0\"><\/div>\n<div class=\"\" data-block=\"true\" data-editor=\"3g906\" data-offset-key=\"eoslk-0-0\">\n<div class=\"_1mf _1mj\" data-offset-key=\"eoslk-0-0\"><span data-offset-key=\"eoslk-0-0\">Franck<\/span><\/div>\n<\/div>\n<div class=\"\" data-block=\"true\" data-editor=\"3g906\" data-offset-key=\"ck64l-0-0\">\n<div class=\"_1mf _1mj\" data-offset-key=\"ck64l-0-0\"><span data-offset-key=\"ck64l-0-0\">M\u00e9t\u00e9o.PaysCatalan<\/span><\/div>\n<\/div>\n<div class=\"\" data-block=\"true\" data-editor=\"3g906\" data-offset-key=\"8n1vi-0-0\">\n<div class=\"_1mf _1mj\" data-offset-key=\"8n1vi-0-0\"><span data-offset-key=\"8n1vi-0-0\">\u00a0<\/span><\/div>\n<\/div>\n<div class=\"\" data-block=\"true\" data-editor=\"3g906\" data-offset-key=\"9e6t9-0-0\">\n<div class=\"_1mf _1mj\" data-offset-key=\"9e6t9-0-0\">PAGE FACEBOOK :\u00a0<a href=\"https:\/\/www.facebook.com\/mto.PaysCatalan\">https:\/\/www.facebook.com\/mto.PaysCatalan<\/a><\/div>\n<\/div>\n","protected":false},"excerpt":{"rendered":"<p>PYR\u00c9N\u00c9ES-ORIENTALES : Soleil matinal et orages locaux \ud83d\udcc6 dimanche 26  [&#8230;]<\/p>\n","protected":false},"author":1,"featured_media":59235,"comment_status":"closed","ping_status":"closed","sticky":false,"template":"","format":"standard","meta":{"_seopress_robots_primary_cat":"none","_seopress_titles_title":"M\u00e9t\u00e9o du dimanche 26 avril 2026 dans les Pyr\u00e9n\u00e9es-Orientales","_seopress_titles_desc":"Carte m\u00e9t\u00e9o du jour dans les Pyr\u00e9n\u00e9es-Orientales (66) : pr\u00e9visions d\u00e9taill\u00e9es, temp\u00e9ratures, vent, soleil, pluie, risques m\u00e9t\u00e9o, \u00e9tat et temp\u00e9rature de la mer","_seopress_robots_index":"","footnotes":""},"categories":[80,154],"tags":[],"class_list":["post-59234","post","type-post","status-publish","format-standard","has-post-thumbnail","hentry","category-actualite","category-pyrenees-orientales"],"_links":{"self":[{"href":"https:\/\/alertes-meteo.com\/index.php\/wp-json\/wp\/v2\/posts\/59234","targetHints":{"allow":["GET"]}}],"collection":[{"href":"https:\/\/alertes-meteo.com\/index.php\/wp-json\/wp\/v2\/posts"}],"about":[{"href":"https:\/\/alertes-meteo.com\/index.php\/wp-json\/wp\/v2\/types\/post"}],"author":[{"embeddable":true,"href":"https:\/\/alertes-meteo.com\/index.php\/wp-json\/wp\/v2\/users\/1"}],"replies":[{"embeddable":true,"href":"https:\/\/alertes-meteo.com\/index.php\/wp-json\/wp\/v2\/comments?post=59234"}],"version-history":[{"count":2,"href":"https:\/\/alertes-meteo.com\/index.php\/wp-json\/wp\/v2\/posts\/59234\/revisions"}],"predecessor-version":[{"id":59237,"href":"https:\/\/alertes-meteo.com\/index.php\/wp-json\/wp\/v2\/posts\/59234\/revisions\/59237"}],"wp:featuredmedia":[{"embeddable":true,"href":"https:\/\/alertes-meteo.com\/index.php\/wp-json\/wp\/v2\/media\/59235"}],"wp:attachment":[{"href":"https:\/\/alertes-meteo.com\/index.php\/wp-json\/wp\/v2\/media?parent=59234"}],"wp:term":[{"taxonomy":"category","embeddable":true,"href":"https:\/\/alertes-meteo.com\/index.php\/wp-json\/wp\/v2\/categories?post=59234"},{"taxonomy":"post_tag","embeddable":true,"href":"https:\/\/alertes-meteo.com\/index.php\/wp-json\/wp\/v2\/tags?post=59234"}],"curies":[{"name":"wp","href":"https:\/\/api.w.org\/{rel}","templated":true}]}}