{"id":2389,"date":"2024-02-14T07:42:46","date_gmt":"2024-02-14T06:42:46","guid":{"rendered":"https:\/\/alertes-meteo.com\/?p=2389"},"modified":"2024-02-14T08:02:33","modified_gmt":"2024-02-14T07:02:33","slug":"le-foehn","status":"publish","type":"post","link":"https:\/\/alertes-meteo.com\/index.php\/2024\/02\/14\/le-foehn\/","title":{"rendered":"Le foehn"},"content":{"rendered":"<div class=\"fusion-fullwidth fullwidth-box fusion-builder-row-1 fusion-flex-container nonhundred-percent-fullwidth non-hundred-percent-height-scrolling\" style=\"--awb-border-radius-top-left:0px;--awb-border-radius-top-right:0px;--awb-border-radius-bottom-right:0px;--awb-border-radius-bottom-left:0px;--awb-flex-wrap:wrap;\" ><div class=\"fusion-builder-row fusion-row fusion-flex-align-items-flex-start fusion-flex-content-wrap\" style=\"max-width:1302px;margin-left: calc(-5% \/ 2 );margin-right: calc(-5% \/ 2 );\"><div class=\"fusion-layout-column fusion_builder_column fusion-builder-column-0 fusion_builder_column_1_1 1_1 fusion-flex-column\" style=\"--awb-bg-size:cover;--awb-width-large:100%;--awb-margin-top-large:0px;--awb-spacing-right-large:2.375%;--awb-margin-bottom-large:0px;--awb-spacing-left-large:2.375%;--awb-width-medium:100%;--awb-spacing-right-medium:2.375%;--awb-spacing-left-medium:2.375%;--awb-width-small:100%;--awb-spacing-right-small:2.375%;--awb-spacing-left-small:2.375%;\"><div class=\"fusion-column-wrapper fusion-flex-justify-content-flex-start fusion-content-layout-column\"><div class=\"fusion-text fusion-text-1\"><p>L&rsquo;arriv\u00e9e soudaine d&rsquo;un vent de temp\u00eate venant de l&rsquo;ouest, descendant des hauteurs des Alpes dans les vall\u00e9es et les plaines, cr\u00e9e ce que l&rsquo;on appelle localement le foehn. Ce ph\u00e9nom\u00e8ne se caract\u00e9rise par une augmentation inhabituelle de la temp\u00e9rature de 10 \u00e0 20\u00b0C, une atmosph\u00e8re extr\u00eamement claire et la formation de nuages lenticulaires distincts dans le ciel bleu. Le foehn est particuli\u00e8rement important en hiver, car il fait fondre la neige et provoque un temps printanier pendant la nuit. Lorsqu&rsquo;il atteint des altitudes plus basses, il devient sec et chaud.<\/p>\n<p>Des observations similaires peuvent \u00eatre faites non seulement sur le versant nord des Alpes et dans le sud de l&rsquo;Allemagne, mais aussi sur le versant sud des Alpes, o\u00f9 des vents de temp\u00eate comparables en provenance du nord peuvent se produire. Le m\u00eame type de vents descendants existe au Groenland, au Spitzberg, au Japon, et sous la forme d&rsquo;un vent d&rsquo;ouest temp\u00e9tueux \u00e0 l&rsquo;est des montagnes Rocheuses et des Andes.<br \/>\nLa formation du foehn et d&rsquo;autres vents descendants n\u00e9cessite la pr\u00e9sence de hautes montagnes.<\/p>\n<p>Le mouvement d&rsquo;ascension vers les sommets ne peut l&#8217;emp\u00eacher de redescendre dans les vall\u00e9es. En montant, l&rsquo;air atteint des zones de moindre pression et se refroidit (refroidissement adiabatique) de 1\u00b0C en moyenne par 100 m\u00e8tres (lorsqu&rsquo;il n&rsquo;y a pas de nuages). Cependant, l&rsquo;air en altitude contient encore de la vapeur d&rsquo;eau. Le processus de refroidissement \u00e9limine alors une partie de cette vapeur, ce qui entra\u00eene la formation de nuages et l&rsquo;apparition de pr\u00e9cipitations (pluie ou neige). En outre, la chaleur stock\u00e9e est lib\u00e9r\u00e9e et r\u00e9chauffe l&rsquo;air. Par cons\u00e9quent, le refroidissement adiabatique est \u00ab\u00a0ralenti\u00a0\u00bb de 0,5\u00b0C en moyenne par 100 m\u00e8tres. Apr\u00e8s avoir franchi les sommets, les nuages se dispersent rapidement car l&rsquo;air plus chaud peut contenir plus de vapeur d&rsquo;eau. L&rsquo;air redescend alors dans la vall\u00e9e et se r\u00e9chauffe compl\u00e8tement de mani\u00e8re adiabatique, \u00e0 raison de 1\u00b0C par 100 m\u00e8tres.<\/p><\/p>\n<\/div><div class=\"fusion-image-element \" style=\"--awb-caption-title-font-family:var(--h2_typography-font-family);--awb-caption-title-font-weight:var(--h2_typography-font-weight);--awb-caption-title-font-style:var(--h2_typography-font-style);--awb-caption-title-size:var(--h2_typography-font-size);--awb-caption-title-transform:var(--h2_typography-text-transform);--awb-caption-title-line-height:var(--h2_typography-line-height);--awb-caption-title-letter-spacing:var(--h2_typography-letter-spacing);\"><span class=\" fusion-imageframe imageframe-none imageframe-1 hover-type-none\"><img decoding=\"async\" width=\"740\" height=\"596\" alt=\"foehn explication\" title=\"Le-foehn\" src=\"https:\/\/alertes-meteo.com\/wp-content\/uploads\/2024\/02\/Le-foehn.jpg\" data-orig-src=\"https:\/\/alertes-meteo.com\/wp-content\/uploads\/2024\/02\/Le-foehn.jpg\" class=\"lazyload img-responsive wp-image-2399\" srcset=\"data:image\/svg+xml,%3Csvg%20xmlns%3D%27http%3A%2F%2Fwww.w3.org%2F2000%2Fsvg%27%20width%3D%27740%27%20height%3D%27596%27%20viewBox%3D%270%200%20740%20596%27%3E%3Crect%20width%3D%27740%27%20height%3D%27596%27%20fill-opacity%3D%220%22%2F%3E%3C%2Fsvg%3E\" data-srcset=\"https:\/\/alertes-meteo.com\/wp-content\/uploads\/2024\/02\/Le-foehn-200x161.jpg 200w, https:\/\/alertes-meteo.com\/wp-content\/uploads\/2024\/02\/Le-foehn-400x322.jpg 400w, https:\/\/alertes-meteo.com\/wp-content\/uploads\/2024\/02\/Le-foehn-600x483.jpg 600w, https:\/\/alertes-meteo.com\/wp-content\/uploads\/2024\/02\/Le-foehn.jpg 740w\" data-sizes=\"auto\" data-orig-sizes=\"(max-width: 800px) 100vw, 740px\" \/><\/span><\/div><div class=\"fusion-text fusion-text-2\"><\/p>\n<p><b><u>On a ainsi l&rsquo;\u00e9volution suivante pour une montage de 3 000 m d&rsquo;altitude :<\/u><\/b><\/p>\n<\/div>\n<div class=\"table-1\">\n<table width=\"100%\">\n<thead>\n<tr>\n<th align=\"left\">Explications<\/th>\n<th align=\"left\">T\u00b0<\/th>\n<\/tr>\n<\/thead>\n<tbody>\n<tr>\n<td align=\"left\"><span style=\"font-weight: bold;\">refroidissement adiabatique de 1\u00b0C par 100 jusqu&rsquo;\u00e0 1 500 m<\/span><\/td>\n<td align=\"left\"><span style=\"font-weight: bold;\">15\u00b0C<\/span><\/td>\n<\/tr>\n<tr>\n<td align=\"left\">formation de nuages \u00e0 partir de 1 500 m et refroidissement de 0,5 \u00b0C par 100 m<\/td>\n<td align=\"left\">7,5\u00b0C<\/td>\n<\/tr>\n<tr>\n<td align=\"left\">r\u00e9chauffement adiabatique lors de la descente<\/td>\n<td align=\"left\">30\u00b0C<\/td>\n<\/tr>\n<tr>\n<td align=\"left\">gain de chaleur<\/td>\n<td align=\"left\">\n<div>&nbsp;<\/div>\n<div>7,5\u00b0C<\/div>\n<\/td>\n<\/tr>\n<\/tbody>\n<\/table>\n<\/div>\n<div class=\"fusion-text fusion-text-3\"><\/p>\n<p>L&rsquo;arriv\u00e9e de l&rsquo;air ne joue aucun r\u00f4le dans ce processus. Le foehn n&rsquo;est pas non plus un \u00ab\u00a0vent chaud du sud\u00a0\u00bb car il tire sa chaleur du ph\u00e9nom\u00e8ne que nous d\u00e9crivons.<\/p>\n<p>Les observations dans les Alpes montrent que le foehn s&rsquo;accompagne de vents et de pr\u00e9cipitations sur les cr\u00eates. Dans le cas du foehn sur le versant sud des Alpes, le temps est \u00e9galement froid et pluvieux : la temp\u00eate peut durer plusieurs jours avec l&rsquo;arriv\u00e9e d&rsquo;un front froid de basse pression. En outre, l&rsquo;air froid s&rsquo;arr\u00eate sur le versant nord des Alpes. Le foehn est g\u00e9n\u00e9ralement annonc\u00e9 par des bandes de nuages lenticulaires qui se forment parall\u00e8lement aux montagnes.<\/p>\n<p>Le foehn n&rsquo;indique pas une situation durable, mais il est d\u00e9clench\u00e9 par des syst\u00e8mes de basse pression qui s&rsquo;\u00e9tablissent pendant quelques jours dans le sud ou en Suisse. <span style=\"color: var(--awb-text-color); font-family: var(--awb-text-font-family); font-size: var(--awb-font-size); font-style: var(--awb-text-font-style); font-weight: var(--awb-text-font-weight); letter-spacing: var(--awb-letter-spacing); text-align: var(--awb-content-alignment); text-transform: var(--awb-text-transform); background-color: var(--awb-bg-color-hover);\">Puis, l&rsquo;air froid, soufflant en raison de ces basses pressions, en prend la place. Cela est favoris\u00e9 par l&rsquo;humidification du f\u0153hn, originellement sec. C&rsquo;est seulement lorsque des masses d&rsquo;air viennent du sud, avec de hautes pressions stationnaires sur l&rsquo;est de l&rsquo;Europe et de basses pressions sur l&rsquo;Atlantique, \u00e9tablissant du beau temps centrale, que le f\u0153hn se renforce, tandis que de l&rsquo;air chaud arrive de la M\u00e9diterran\u00e9e  par-dessus les Alpes. <\/span><\/p>\n<\/div><\/div><\/div><\/div><\/div>\n","protected":false},"excerpt":{"rendered":"","protected":false},"author":1,"featured_media":2392,"comment_status":"open","ping_status":"open","sticky":false,"template":"","format":"standard","meta":{"_seopress_robots_primary_cat":"","_seopress_titles_title":"Le foehn - Explication du ph\u00e9nom\u00e8nes | Blog m\u00e9t\u00e9orologique","_seopress_titles_desc":"Explications claires sur la formation du foehn, ce vent intense et les risques qu'il peut engendrer. Restez inform\u00e9 avec nos pr\u00e9visions m\u00e9t\u00e9o d\u00e9taill\u00e9es.","_seopress_robots_index":"","footnotes":""},"categories":[139],"tags":[141],"class_list":["post-2389","post","type-post","status-publish","format-standard","has-post-thumbnail","hentry","category-meteores","tag-foehn"],"_links":{"self":[{"href":"https:\/\/alertes-meteo.com\/index.php\/wp-json\/wp\/v2\/posts\/2389","targetHints":{"allow":["GET"]}}],"collection":[{"href":"https:\/\/alertes-meteo.com\/index.php\/wp-json\/wp\/v2\/posts"}],"about":[{"href":"https:\/\/alertes-meteo.com\/index.php\/wp-json\/wp\/v2\/types\/post"}],"author":[{"embeddable":true,"href":"https:\/\/alertes-meteo.com\/index.php\/wp-json\/wp\/v2\/users\/1"}],"replies":[{"embeddable":true,"href":"https:\/\/alertes-meteo.com\/index.php\/wp-json\/wp\/v2\/comments?post=2389"}],"version-history":[{"count":0,"href":"https:\/\/alertes-meteo.com\/index.php\/wp-json\/wp\/v2\/posts\/2389\/revisions"}],"wp:featuredmedia":[{"embeddable":true,"href":"https:\/\/alertes-meteo.com\/index.php\/wp-json\/wp\/v2\/media\/2392"}],"wp:attachment":[{"href":"https:\/\/alertes-meteo.com\/index.php\/wp-json\/wp\/v2\/media?parent=2389"}],"wp:term":[{"taxonomy":"category","embeddable":true,"href":"https:\/\/alertes-meteo.com\/index.php\/wp-json\/wp\/v2\/categories?post=2389"},{"taxonomy":"post_tag","embeddable":true,"href":"https:\/\/alertes-meteo.com\/index.php\/wp-json\/wp\/v2\/tags?post=2389"}],"curies":[{"name":"wp","href":"https:\/\/api.w.org\/{rel}","templated":true}]}}