{"id":15018,"date":"2024-02-25T07:29:51","date_gmt":"2024-02-25T06:29:51","guid":{"rendered":"https:\/\/alertes-meteo.com\/?p=15018"},"modified":"2024-02-25T08:12:17","modified_gmt":"2024-02-25T07:12:17","slug":"alerte-verglas-comment-se-preparer-et-reagir","status":"publish","type":"post","link":"https:\/\/alertes-meteo.com\/index.php\/2024\/02\/25\/alerte-verglas-comment-se-preparer-et-reagir\/","title":{"rendered":"Alerte verglas &#8211; Comment se pr\u00e9parer et r\u00e9agir"},"content":{"rendered":"<div class=\"fusion-fullwidth fullwidth-box fusion-builder-row-1 fusion-flex-container nonhundred-percent-fullwidth non-hundred-percent-height-scrolling\" style=\"--awb-border-radius-top-left:0px;--awb-border-radius-top-right:0px;--awb-border-radius-bottom-right:0px;--awb-border-radius-bottom-left:0px;--awb-flex-wrap:wrap;\" ><div class=\"fusion-builder-row fusion-row fusion-flex-align-items-flex-start fusion-flex-content-wrap\" style=\"max-width:1302px;margin-left: calc(-5% \/ 2 );margin-right: calc(-5% \/ 2 );\"><div class=\"fusion-layout-column fusion_builder_column fusion-builder-column-0 fusion_builder_column_1_1 1_1 fusion-flex-column\" style=\"--awb-bg-blend:overlay;--awb-bg-size:cover;--awb-width-large:100%;--awb-margin-top-large:0px;--awb-spacing-right-large:2.375%;--awb-margin-bottom-large:0px;--awb-spacing-left-large:2.375%;--awb-width-medium:100%;--awb-spacing-right-medium:2.375%;--awb-spacing-left-medium:2.375%;--awb-width-small:100%;--awb-spacing-right-small:2.375%;--awb-spacing-left-small:2.375%;\"><div class=\"fusion-column-wrapper fusion-flex-justify-content-flex-start fusion-content-layout-column\"><div class=\"fusion-text fusion-text-1\"><p>Pour se pr\u00e9parer et r\u00e9agir efficacement face \u00e0 une alerte neige et verglas, il est essentiel de prendre des mesures pr\u00e9ventives et d&rsquo;adopter les bonnes pratiques. Tout d&rsquo;abord, il est recommand\u00e9 de suivre les pr\u00e9visions m\u00e9t\u00e9orologiques r\u00e9guli\u00e8rement afin d&rsquo;\u00eatre inform\u00e9 des conditions \u00e0 venir. En adoptant une attitude responsable et en respectant les consignes de s\u00e9curit\u00e9, il est possible de minimiser les risques li\u00e9s aux conditions m\u00e9t\u00e9orologiques hivernales et de traverser sereinement une p\u00e9riode d&rsquo;alerte verglas.<\/p>\n<p>Dans cet article, nous aborderons les diff\u00e9rentes alertes m\u00e9t\u00e9o li\u00e9es au verglas. Nous examinerons les conseils pratiques pour faire face \u00e0 ces situations, les dangers associ\u00e9s au verglas et \u00e0 la neige verglas, ainsi que les pr\u00e9cautions \u00e0 prendre lors d&rsquo;une alerte orange. Restez inform\u00e9 et d\u00e9couvrez comment vous pr\u00e9parer en cas de conditions m\u00e9t\u00e9orologiques difficiles.<\/p>\n<h2 style=\"font-size: 20px; line-height: 26px;\" data-fusion-font=\"true\">Conseils pour faire face \u00e0 l&rsquo;alerte m\u00e9t\u00e9o verglas<\/h2>\n<p>Lorsqu&rsquo;une alerte m\u00e9t\u00e9o neige verglas est \u00e9mise, il est important de prendre certaines pr\u00e9cautions pour faire face \u00e0 ces conditions climatiques dangereuses. Tout d&rsquo;abord, il est recommand\u00e9 de rester inform\u00e9 en \u00e9coutant les bulletins m\u00e9t\u00e9o et en suivant les consignes des autorit\u00e9s locales. Il est \u00e9galement essentiel de limiter ses d\u00e9placements au strict n\u00e9cessaire et d&rsquo;\u00e9viter de conduire si possible. Si vous devez absolument prendre la route, assurez-vous d&rsquo;avoir des pneus adapt\u00e9s \u00e0 la <a href=\"https:\/\/alertes-meteo.com\/index.php\/2024\/02\/15\/formation-de-la-neige\/\">neige<\/a> et au verglas, ainsi que des cha\u00eenes de s\u00e9curit\u00e9 en cas de besoin. En outre, pensez \u00e0 bien d\u00e9givrer votre v\u00e9hicule avant de partir et \u00e0 adapter votre vitesse en fonction des conditions routi\u00e8res. Enfin, n&rsquo;oubliez pas de vous \u00e9quiper chaudement avec des v\u00eatements adapt\u00e9s \u00e0 la neige et au froid, ainsi que des chaussures antid\u00e9rapantes pour \u00e9viter les chutes.<\/p>\n<\/div><div class=\"fusion-text fusion-text-2\"><blockquote>\n<p>En cas d&rsquo;alerte verglas, il est crucial de rester inform\u00e9 des consignes des autorit\u00e9s locales et de suivre les recommandations \u00e9mises. Il est recommand\u00e9 de limiter ses d\u00e9placements au strict n\u00e9cessaire et d&rsquo;\u00e9viter les zones \u00e0 risque.<\/p>\n<\/blockquote>\n<\/div><div class=\"fusion-text fusion-text-3\"><h3 style=\"font-size: 16px;\" data-fusion-font=\"true\">Les dangers de l&rsquo;alerte verglas et neige verglas<\/h3>\n<p>L&rsquo;alerte verglas et neige verglas peut pr\u00e9senter de nombreux dangers pour la population. En premier lieu, les routes et les trottoirs deviennent extr\u00eamement glissants, ce qui augmente consid\u00e9rablement les risques d&rsquo;accidents de la circulation et de chutes. Les v\u00e9hicules peuvent perdre leur adh\u00e9rence, provoquant des d\u00e9rapages et des collisions. Les pi\u00e9tons sont \u00e9galement vuln\u00e9rables aux chutes, pouvant entra\u00eener des blessures graves, en particulier chez les personnes \u00e2g\u00e9es. De plus, la formation de glace sur les arbres et les fils \u00e9lectriques peut entra\u00eener des pannes de courant g\u00e9n\u00e9ralis\u00e9es. Les conditions m\u00e9t\u00e9orologiques difficiles rendent \u00e9galement les d\u00e9placements plus compliqu\u00e9s, ce qui peut causer des retards et des perturbations dans les transports en commun. Il est donc essentiel de prendre toutes les pr\u00e9cautions n\u00e9cessaires pour \u00e9viter ces dangers pendant l&rsquo;alerte verglas et neige verglas.<\/p>\n<\/div><div class=\"fusion-text fusion-text-4\"><h4 style=\"font-size: 16px;\" data-fusion-font=\"true\">Les pr\u00e9cautions \u00e0 prendre lors de l&rsquo;alerte orange verglas<\/h4>\n<p>Lors de l&rsquo;alerte orange neige verglas, il est essentiel de prendre certaines pr\u00e9cautions pour assurer sa s\u00e9curit\u00e9. Tout d&rsquo;abord, il est recommand\u00e9 de limiter ses d\u00e9placements au strict n\u00e9cessaire et de privil\u00e9gier les transports en commun si possible. En cas de d\u00e9placement en voiture, il est important de v\u00e9rifier l&rsquo;\u00e9tat des pneus et d&rsquo;\u00e9quiper son v\u00e9hicule de cha\u00eenes si n\u00e9cessaire. Il est \u00e9galement conseill\u00e9 de r\u00e9duire sa vitesse et d&rsquo;adapter sa conduite aux conditions m\u00e9t\u00e9orologiques difficiles. Pour \u00e9viter les chutes, il est pr\u00e9f\u00e9rable de porter des chaussures antid\u00e9rapantes et d&rsquo;utiliser des b\u00e2tons de marche si besoin. Enfin, il est primordial de se tenir inform\u00e9 des bulletins m\u00e9t\u00e9o et des consignes des autorit\u00e9s afin de r\u00e9agir rapidement en cas d&rsquo;\u00e9volution de la situation.<\/p>\n<p>En r\u00e9sum\u00e9, il est crucial de rester vigilant et de prendre les pr\u00e9cautions n\u00e9cessaires lors des alertes m\u00e9t\u00e9o neige verglas. Les dangers sont r\u00e9els et peuvent causer des accidents graves. En tant que citoyens responsables, il est de notre devoir de se pr\u00e9parer et d&rsquo;adopter un comportement s\u00e9curitaire. Reste maintenant \u00e0 se demander : comment pouvons-nous am\u00e9liorer la communication et la pr\u00e9paration face \u00e0 de telles situations ?<\/p>\n<\/div><div class=\"fusion-text fusion-text-5\"><blockquote>\n<p>En cas d&rsquo;alerte verglas, il est important d&rsquo;adapter sa conduite pour garantir sa s\u00e9curit\u00e9 et celle des autres usagers de la route. Il est recommand\u00e9 de r\u00e9duire sa vitesse, d&rsquo;augmenter les distances de s\u00e9curit\u00e9 et d&rsquo;\u00e9viter les man\u0153uvres brusques.<\/p>\n<\/blockquote>\n<\/div><div class=\"fusion-post-slider fusion-flexslider fusion-flexslider-loading flexslider-posts-with-excerpt\"><ul class=\"slides\"><li><a href=\"https:\/\/alertes-meteo.com\/index.php\/2026\/04\/28\/previsions-meteo-du-mardi-28-avril-2026-risque-orageux-modere-sur-la-moitie-sud\/\" aria-label=\"Pr\u00e9visions M\u00e9t\u00e9o du mardi 28 Avril 2026 &#8211; Risque orageux mod\u00e9r\u00e9 sur la moiti\u00e9 sud\"><img decoding=\"async\" width=\"1888\" height=\"1408\" class=\"lazyload wp-image-59256\" src=\"https:\/\/alertes-meteo.com\/wp-content\/uploads\/2026\/04\/export-1777356782586.png\" data-orig-src=\"https:\/\/alertes-meteo.com\/wp-content\/uploads\/2026\/04\/export-1777356782586.png\" alt=\"\" srcset=\"data:image\/svg+xml,%3Csvg%20xmlns%3D%27http%3A%2F%2Fwww.w3.org%2F2000%2Fsvg%27%20width%3D%271888%27%20height%3D%271408%27%20viewBox%3D%270%200%201888%201408%27%3E%3Crect%20width%3D%271888%27%20height%3D%271408%27%20fill-opacity%3D%220%22%2F%3E%3C%2Fsvg%3E\" data-srcset=\"https:\/\/alertes-meteo.com\/wp-content\/uploads\/2026\/04\/export-1777356782586-200x149.png 200w, https:\/\/alertes-meteo.com\/wp-content\/uploads\/2026\/04\/export-1777356782586-400x298.png 400w, https:\/\/alertes-meteo.com\/wp-content\/uploads\/2026\/04\/export-1777356782586-600x447.png 600w, https:\/\/alertes-meteo.com\/wp-content\/uploads\/2026\/04\/export-1777356782586-800x597.png 800w, https:\/\/alertes-meteo.com\/wp-content\/uploads\/2026\/04\/export-1777356782586-1200x895.png 1200w, https:\/\/alertes-meteo.com\/wp-content\/uploads\/2026\/04\/export-1777356782586.png 1888w\" data-sizes=\"auto\" data-orig-sizes=\"(max-width: 800px) 100vw, 1200px\" \/><\/a><div class=\"slide-excerpt\"><div class=\"excerpt-container\"><h2><a href=\"https:\/\/alertes-meteo.com\/index.php\/2026\/04\/28\/previsions-meteo-du-mardi-28-avril-2026-risque-orageux-modere-sur-la-moitie-sud\/\">Pr\u00e9visions M\u00e9t\u00e9o du mardi 28 Avril 2026 &#8211; Risque orageux mod\u00e9r\u00e9 sur la moiti\u00e9 sud<\/a><\/h2><p>M\u00e9t\u00e9o du jour (mardi 28 avril 2026) \u26a0\ufe0f Une goutte froide traverse le nord et provoque une forte instabilit\u00e9. +\ud83e\udd73 Sainte Val\u00e9rie -&gt; Dicton du jour : \u00c0 la Sainte-Val\u00e9rie, souvent le soleil luit. Coucher du soleil : 20h56 On [...]<\/p><\/div><\/div><\/li><li><a href=\"https:\/\/alertes-meteo.com\/index.php\/2026\/04\/27\/previsions-meteo-du-lundi-27-avril-2026-le-thermometre-grimpe-et-atteint-28-dans-le-sud-ouest\/\" aria-label=\"Pr\u00e9visions M\u00e9t\u00e9o du lundi 27 Avril 2026 &#8211; Le thermom\u00e8tre grimpe et atteint 28\u00b0 dans le sud-ouest.\"><img decoding=\"async\" width=\"1830\" height=\"1365\" class=\"lazyload wp-image-59247\" src=\"https:\/\/alertes-meteo.com\/wp-content\/uploads\/2026\/04\/export-1777270176044.png\" data-orig-src=\"https:\/\/alertes-meteo.com\/wp-content\/uploads\/2026\/04\/export-1777270176044.png\" alt=\"\" srcset=\"data:image\/svg+xml,%3Csvg%20xmlns%3D%27http%3A%2F%2Fwww.w3.org%2F2000%2Fsvg%27%20width%3D%271830%27%20height%3D%271365%27%20viewBox%3D%270%200%201830%201365%27%3E%3Crect%20width%3D%271830%27%20height%3D%271365%27%20fill-opacity%3D%220%22%2F%3E%3C%2Fsvg%3E\" data-srcset=\"https:\/\/alertes-meteo.com\/wp-content\/uploads\/2026\/04\/export-1777270176044-200x149.png 200w, https:\/\/alertes-meteo.com\/wp-content\/uploads\/2026\/04\/export-1777270176044-400x298.png 400w, https:\/\/alertes-meteo.com\/wp-content\/uploads\/2026\/04\/export-1777270176044-600x448.png 600w, https:\/\/alertes-meteo.com\/wp-content\/uploads\/2026\/04\/export-1777270176044-800x597.png 800w, https:\/\/alertes-meteo.com\/wp-content\/uploads\/2026\/04\/export-1777270176044-1200x895.png 1200w, https:\/\/alertes-meteo.com\/wp-content\/uploads\/2026\/04\/export-1777270176044.png 1830w\" data-sizes=\"auto\" data-orig-sizes=\"(max-width: 800px) 100vw, 1200px\" \/><\/a><div class=\"slide-excerpt\"><div class=\"excerpt-container\"><h2><a href=\"https:\/\/alertes-meteo.com\/index.php\/2026\/04\/27\/previsions-meteo-du-lundi-27-avril-2026-le-thermometre-grimpe-et-atteint-28-dans-le-sud-ouest\/\">Pr\u00e9visions M\u00e9t\u00e9o du lundi 27 Avril 2026 &#8211; Le thermom\u00e8tre grimpe et atteint 28\u00b0 dans le sud-ouest.<\/a><\/h2><p>M\u00e9t\u00e9o du jour (lundi 27 avril 2026) +\ud83e\udd73 Sainte Zita -&gt; Dicton du jour : \u00c0 la Sainte-Zita, le beau temps viendra. Coucher du soleil : 20h55 On gagne 3 minutes. Dur\u00e9e du jour : 14h20 M\u00e9t\u00e9o du jour : [...]<\/p><\/div><\/div><\/li><li><a href=\"https:\/\/alertes-meteo.com\/index.php\/2026\/04\/26\/previsions-meteo-du-26-avril-2026-orages-sur-les-reliefs-pyreneens-cet-apres-midi\/\" aria-label=\"Pr\u00e9visions M\u00e9t\u00e9o du 26 Avril 2026 &#8211; orages sur les reliefs pyr\u00e9n\u00e9ens cet apr\u00e8s-midi\"><img decoding=\"async\" width=\"852\" height=\"638\" class=\"lazyload wp-image-59240\" src=\"https:\/\/alertes-meteo.com\/wp-content\/uploads\/2026\/04\/export-1777184720670.png\" data-orig-src=\"https:\/\/alertes-meteo.com\/wp-content\/uploads\/2026\/04\/export-1777184720670.png\" alt=\"\" srcset=\"data:image\/svg+xml,%3Csvg%20xmlns%3D%27http%3A%2F%2Fwww.w3.org%2F2000%2Fsvg%27%20width%3D%27852%27%20height%3D%27638%27%20viewBox%3D%270%200%20852%20638%27%3E%3Crect%20width%3D%27852%27%20height%3D%27638%27%20fill-opacity%3D%220%22%2F%3E%3C%2Fsvg%3E\" data-srcset=\"https:\/\/alertes-meteo.com\/wp-content\/uploads\/2026\/04\/export-1777184720670-200x150.png 200w, https:\/\/alertes-meteo.com\/wp-content\/uploads\/2026\/04\/export-1777184720670-400x300.png 400w, https:\/\/alertes-meteo.com\/wp-content\/uploads\/2026\/04\/export-1777184720670-600x449.png 600w, https:\/\/alertes-meteo.com\/wp-content\/uploads\/2026\/04\/export-1777184720670-800x599.png 800w, https:\/\/alertes-meteo.com\/wp-content\/uploads\/2026\/04\/export-1777184720670.png 852w\" data-sizes=\"auto\" data-orig-sizes=\"(max-width: 800px) 100vw, 852px\" \/><\/a><div class=\"slide-excerpt\"><div class=\"excerpt-container\"><h2><a href=\"https:\/\/alertes-meteo.com\/index.php\/2026\/04\/26\/previsions-meteo-du-26-avril-2026-orages-sur-les-reliefs-pyreneens-cet-apres-midi\/\">Pr\u00e9visions M\u00e9t\u00e9o du 26 Avril 2026 &#8211; orages sur les reliefs pyr\u00e9n\u00e9ens cet apr\u00e8s-midi<\/a><\/h2><p>M\u00e9t\u00e9o du jour (dimanche 26 avril 2026) \u26a0\ufe0f Des orages \u00e9clatent sur les reliefs pyr\u00e9n\u00e9ens cet apr\u00e8s-midi. +\ud83e\udd73 Sainte Alida -&gt; Dicton du jour : Quand il pleut en avril, la r\u00e9colte est en p\u00e9ril. Coucher du soleil : 20h45 [...]<\/p><\/div><\/div><\/li><li><a href=\"https:\/\/alertes-meteo.com\/index.php\/2026\/04\/25\/previsions-meteo-du-25-avril-2026-un-puissant-anticyclone-domine-le-ciel-avec-25-sur-de-nombreuses-regions\/\" aria-label=\"Pr\u00e9visions M\u00e9t\u00e9o du 25 Avril 2026\"><img decoding=\"async\" width=\"1091\" height=\"814\" class=\"lazyload wp-image-59229\" src=\"https:\/\/alertes-meteo.com\/wp-content\/uploads\/2026\/04\/export-1777097319015.png\" data-orig-src=\"https:\/\/alertes-meteo.com\/wp-content\/uploads\/2026\/04\/export-1777097319015.png\" alt=\"\" srcset=\"data:image\/svg+xml,%3Csvg%20xmlns%3D%27http%3A%2F%2Fwww.w3.org%2F2000%2Fsvg%27%20width%3D%271091%27%20height%3D%27814%27%20viewBox%3D%270%200%201091%20814%27%3E%3Crect%20width%3D%271091%27%20height%3D%27814%27%20fill-opacity%3D%220%22%2F%3E%3C%2Fsvg%3E\" data-srcset=\"https:\/\/alertes-meteo.com\/wp-content\/uploads\/2026\/04\/export-1777097319015-200x149.png 200w, https:\/\/alertes-meteo.com\/wp-content\/uploads\/2026\/04\/export-1777097319015-400x298.png 400w, https:\/\/alertes-meteo.com\/wp-content\/uploads\/2026\/04\/export-1777097319015-600x448.png 600w, https:\/\/alertes-meteo.com\/wp-content\/uploads\/2026\/04\/export-1777097319015-800x597.png 800w, https:\/\/alertes-meteo.com\/wp-content\/uploads\/2026\/04\/export-1777097319015.png 1091w\" data-sizes=\"auto\" data-orig-sizes=\"(max-width: 800px) 100vw, 1091px\" \/><\/a><div class=\"slide-excerpt\"><div class=\"excerpt-container\"><h2><a href=\"https:\/\/alertes-meteo.com\/index.php\/2026\/04\/25\/previsions-meteo-du-25-avril-2026-un-puissant-anticyclone-domine-le-ciel-avec-25-sur-de-nombreuses-regions\/\">Pr\u00e9visions M\u00e9t\u00e9o du 25 Avril 2026<\/a><\/h2><p>M\u00e9t\u00e9o du jour (samedi 25 avril 2026) - Un puissant anticyclone domine le ciel avec 25 degr\u00e9s sur de nombreuses r\u00e9gions. +\ud83e\udd73 F\u00eate de la Saint-Marc -&gt; Dicton du jour : \u00c0 la Saint-Marc, s'il tombe de l'eau, il n'y [...]<\/p><\/div><\/div><\/li><li><a href=\"https:\/\/alertes-meteo.com\/index.php\/2026\/04\/24\/previsions-meteo-du-24-avril-2026-le-soleil-domine-largement-avec-une-chaleur-atteignant-28c-dans-le-sud\/\" aria-label=\"Pr\u00e9visions M\u00e9t\u00e9o du 24 Avril 2026 : Le soleil domine largement avec une chaleur atteignant 28\u00b0C dans le sud\"><img decoding=\"async\" width=\"1246\" height=\"864\" class=\"lazyload wp-image-59220\" src=\"https:\/\/alertes-meteo.com\/wp-content\/uploads\/2026\/04\/fotor_creation_2026-04-24.png\" data-orig-src=\"https:\/\/alertes-meteo.com\/wp-content\/uploads\/2026\/04\/fotor_creation_2026-04-24.png\" alt=\"\" srcset=\"data:image\/svg+xml,%3Csvg%20xmlns%3D%27http%3A%2F%2Fwww.w3.org%2F2000%2Fsvg%27%20width%3D%271246%27%20height%3D%27864%27%20viewBox%3D%270%200%201246%20864%27%3E%3Crect%20width%3D%271246%27%20height%3D%27864%27%20fill-opacity%3D%220%22%2F%3E%3C%2Fsvg%3E\" data-srcset=\"https:\/\/alertes-meteo.com\/wp-content\/uploads\/2026\/04\/fotor_creation_2026-04-24-200x139.png 200w, https:\/\/alertes-meteo.com\/wp-content\/uploads\/2026\/04\/fotor_creation_2026-04-24-400x277.png 400w, https:\/\/alertes-meteo.com\/wp-content\/uploads\/2026\/04\/fotor_creation_2026-04-24-600x416.png 600w, https:\/\/alertes-meteo.com\/wp-content\/uploads\/2026\/04\/fotor_creation_2026-04-24-800x555.png 800w, https:\/\/alertes-meteo.com\/wp-content\/uploads\/2026\/04\/fotor_creation_2026-04-24-1200x832.png 1200w, https:\/\/alertes-meteo.com\/wp-content\/uploads\/2026\/04\/fotor_creation_2026-04-24.png 1246w\" data-sizes=\"auto\" data-orig-sizes=\"(max-width: 800px) 100vw, 1200px\" \/><\/a><div class=\"slide-excerpt\"><div class=\"excerpt-container\"><h2><a href=\"https:\/\/alertes-meteo.com\/index.php\/2026\/04\/24\/previsions-meteo-du-24-avril-2026-le-soleil-domine-largement-avec-une-chaleur-atteignant-28c-dans-le-sud\/\">Pr\u00e9visions M\u00e9t\u00e9o du 24 Avril 2026 : Le soleil domine largement avec une chaleur atteignant 28\u00b0C dans le sud<\/a><\/h2><p>M\u00e9t\u00e9o du jour (vendredi 24 avril 2026) \u26a0\ufe0f Le soleil domine largement avec une chaleur atteignant 28\u00b0C dans le sud. +\ud83e\udd73 Saint Fid\u00e8le -&gt; Dicton du jour : \"\u00c0 la Saint-Fid\u00e8le, le soleil brille de plus belle.\" Coucher du soleil [...]<\/p><\/div><\/div><\/li><li><a href=\"https:\/\/alertes-meteo.com\/index.php\/2026\/04\/17\/perpignan-face-aux-brusques-coleres-du-ciel-mediterraneen\/\" aria-label=\"Perpignan face aux brusques col\u00e8res du ciel m\u00e9diterran\u00e9en\"><img decoding=\"async\" width=\"1200\" height=\"896\" class=\"lazyload wp-image-59140\" src=\"https:\/\/alertes-meteo.com\/wp-content\/uploads\/2026\/04\/fotor-ai-20260417115250.png\" data-orig-src=\"https:\/\/alertes-meteo.com\/wp-content\/uploads\/2026\/04\/fotor-ai-20260417115250.png\" alt=\"\" srcset=\"data:image\/svg+xml,%3Csvg%20xmlns%3D%27http%3A%2F%2Fwww.w3.org%2F2000%2Fsvg%27%20width%3D%271200%27%20height%3D%27896%27%20viewBox%3D%270%200%201200%20896%27%3E%3Crect%20width%3D%271200%27%20height%3D%27896%27%20fill-opacity%3D%220%22%2F%3E%3C%2Fsvg%3E\" data-srcset=\"https:\/\/alertes-meteo.com\/wp-content\/uploads\/2026\/04\/fotor-ai-20260417115250-200x149.png 200w, https:\/\/alertes-meteo.com\/wp-content\/uploads\/2026\/04\/fotor-ai-20260417115250-400x299.png 400w, https:\/\/alertes-meteo.com\/wp-content\/uploads\/2026\/04\/fotor-ai-20260417115250-600x448.png 600w, https:\/\/alertes-meteo.com\/wp-content\/uploads\/2026\/04\/fotor-ai-20260417115250-800x597.png 800w, https:\/\/alertes-meteo.com\/wp-content\/uploads\/2026\/04\/fotor-ai-20260417115250.png 1200w\" data-sizes=\"auto\" data-orig-sizes=\"(max-width: 800px) 100vw, 1200px\" \/><\/a><div class=\"slide-excerpt\"><div class=\"excerpt-container\"><h2><a href=\"https:\/\/alertes-meteo.com\/index.php\/2026\/04\/17\/perpignan-face-aux-brusques-coleres-du-ciel-mediterraneen\/\">Perpignan face aux brusques col\u00e8res du ciel m\u00e9diterran\u00e9en<\/a><\/h2><p>Quand la tramontane surprend les rues de Perpignan<\/p><\/div><\/div><\/li><li><a href=\"https:\/\/alertes-meteo.com\/index.php\/2026\/04\/06\/meteo-et-vins-des-pyrenees-orientales\/\" aria-label=\"M\u00e9t\u00e9o Et Vins Des Pyr\u00e9n\u00e9es-Orientales\"><img decoding=\"async\" width=\"1264\" height=\"848\" class=\"lazyload wp-image-59124\" src=\"https:\/\/alertes-meteo.com\/wp-content\/uploads\/2026\/04\/fotor-ai-20260406192551.png\" data-orig-src=\"https:\/\/alertes-meteo.com\/wp-content\/uploads\/2026\/04\/fotor-ai-20260406192551.png\" alt=\"\" srcset=\"data:image\/svg+xml,%3Csvg%20xmlns%3D%27http%3A%2F%2Fwww.w3.org%2F2000%2Fsvg%27%20width%3D%271264%27%20height%3D%27848%27%20viewBox%3D%270%200%201264%20848%27%3E%3Crect%20width%3D%271264%27%20height%3D%27848%27%20fill-opacity%3D%220%22%2F%3E%3C%2Fsvg%3E\" data-srcset=\"https:\/\/alertes-meteo.com\/wp-content\/uploads\/2026\/04\/fotor-ai-20260406192551-200x134.png 200w, https:\/\/alertes-meteo.com\/wp-content\/uploads\/2026\/04\/fotor-ai-20260406192551-400x268.png 400w, https:\/\/alertes-meteo.com\/wp-content\/uploads\/2026\/04\/fotor-ai-20260406192551-600x403.png 600w, https:\/\/alertes-meteo.com\/wp-content\/uploads\/2026\/04\/fotor-ai-20260406192551-800x537.png 800w, https:\/\/alertes-meteo.com\/wp-content\/uploads\/2026\/04\/fotor-ai-20260406192551-1200x805.png 1200w, https:\/\/alertes-meteo.com\/wp-content\/uploads\/2026\/04\/fotor-ai-20260406192551.png 1264w\" data-sizes=\"auto\" data-orig-sizes=\"(max-width: 800px) 100vw, 1200px\" \/><\/a><div class=\"slide-excerpt\"><div class=\"excerpt-container\"><h2><a href=\"https:\/\/alertes-meteo.com\/index.php\/2026\/04\/06\/meteo-et-vins-des-pyrenees-orientales\/\">M\u00e9t\u00e9o Et Vins Des Pyr\u00e9n\u00e9es-Orientales<\/a><\/h2><p>Les Pyr\u00e9n\u00e9es-Orientales, terre de contrastes o\u00f9 les montagnes rencontrent la M\u00e9diterran\u00e9e, offrent un terroir exceptionnel pour la viticulture. La m\u00e9t\u00e9o dans ce d\u00e9partement joue un r\u00f4le crucial quant \u00e0 la qualit\u00e9 et aux caract\u00e9ristiques des vins qui y sont produits, [...]<\/p><\/div><\/div><\/li><li><a href=\"https:\/\/alertes-meteo.com\/index.php\/2025\/03\/25\/releve-meteo-professionnel-donnees-precises-pour-toute-la-france-metropolitaine-cloned\/\" aria-label=\"Comment l&rsquo;\u00e9volution des pr\u00e9visions m\u00e9t\u00e9o r\u00e9volutionne la s\u00e9curit\u00e9 publique en France\"><img decoding=\"async\" width=\"2000\" height=\"1121\" class=\"lazyload wp-image-58889\" src=\"https:\/\/alertes-meteo.com\/wp-content\/uploads\/2025\/03\/63933.jpg\" data-orig-src=\"https:\/\/alertes-meteo.com\/wp-content\/uploads\/2025\/03\/63933.jpg\" alt=\"\" srcset=\"data:image\/svg+xml,%3Csvg%20xmlns%3D%27http%3A%2F%2Fwww.w3.org%2F2000%2Fsvg%27%20width%3D%272000%27%20height%3D%271121%27%20viewBox%3D%270%200%202000%201121%27%3E%3Crect%20width%3D%272000%27%20height%3D%271121%27%20fill-opacity%3D%220%22%2F%3E%3C%2Fsvg%3E\" data-srcset=\"https:\/\/alertes-meteo.com\/wp-content\/uploads\/2025\/03\/63933-200x112.jpg 200w, https:\/\/alertes-meteo.com\/wp-content\/uploads\/2025\/03\/63933-400x224.jpg 400w, https:\/\/alertes-meteo.com\/wp-content\/uploads\/2025\/03\/63933-600x336.jpg 600w, https:\/\/alertes-meteo.com\/wp-content\/uploads\/2025\/03\/63933-800x448.jpg 800w, https:\/\/alertes-meteo.com\/wp-content\/uploads\/2025\/03\/63933-1200x673.jpg 1200w, https:\/\/alertes-meteo.com\/wp-content\/uploads\/2025\/03\/63933.jpg 2000w\" data-sizes=\"auto\" data-orig-sizes=\"(max-width: 800px) 100vw, 1200px\" \/><\/a><div class=\"slide-excerpt\"><div class=\"excerpt-container\"><h2><a href=\"https:\/\/alertes-meteo.com\/index.php\/2025\/03\/25\/releve-meteo-professionnel-donnees-precises-pour-toute-la-france-metropolitaine-cloned\/\">Comment l&rsquo;\u00e9volution des pr\u00e9visions m\u00e9t\u00e9o r\u00e9volutionne la s\u00e9curit\u00e9 publique en France<\/a><\/h2><p> La m\u00e9t\u00e9o pr\u00e9cise : un enjeu vital pour tous les Fran\u00e7aisDans un monde o\u00f9 les ph\u00e9nom\u00e8nes m\u00e9t\u00e9orologiques extr\u00eames s'intensifient, disposer de pr\u00e9visions m\u00e9t\u00e9orologiques fiables n'est plus un luxe, mais une n\u00e9cessit\u00e9. Chaque ann\u00e9e en France, les intemp\u00e9ries causent des [...]<\/p><\/div><\/div><\/li><li><a href=\"https:\/\/alertes-meteo.com\/index.php\/2025\/03\/25\/releve-meteo-professionnel-donnees-precises-pour-toute-la-france-metropolitaine\/\" aria-label=\"Relev\u00e9 M\u00e9t\u00e9o Professionnel &#8211; Donn\u00e9es Pr\u00e9cises pour Toute la France M\u00e9tropolitaine\"><img decoding=\"async\" width=\"2000\" height=\"1121\" class=\"lazyload wp-image-58879\" src=\"https:\/\/alertes-meteo.com\/wp-content\/uploads\/2025\/03\/15574.jpg\" data-orig-src=\"https:\/\/alertes-meteo.com\/wp-content\/uploads\/2025\/03\/15574.jpg\" alt=\"\" srcset=\"data:image\/svg+xml,%3Csvg%20xmlns%3D%27http%3A%2F%2Fwww.w3.org%2F2000%2Fsvg%27%20width%3D%272000%27%20height%3D%271121%27%20viewBox%3D%270%200%202000%201121%27%3E%3Crect%20width%3D%272000%27%20height%3D%271121%27%20fill-opacity%3D%220%22%2F%3E%3C%2Fsvg%3E\" data-srcset=\"https:\/\/alertes-meteo.com\/wp-content\/uploads\/2025\/03\/15574-200x112.jpg 200w, https:\/\/alertes-meteo.com\/wp-content\/uploads\/2025\/03\/15574-400x224.jpg 400w, https:\/\/alertes-meteo.com\/wp-content\/uploads\/2025\/03\/15574-600x336.jpg 600w, https:\/\/alertes-meteo.com\/wp-content\/uploads\/2025\/03\/15574-800x448.jpg 800w, https:\/\/alertes-meteo.com\/wp-content\/uploads\/2025\/03\/15574-1200x673.jpg 1200w, https:\/\/alertes-meteo.com\/wp-content\/uploads\/2025\/03\/15574.jpg 2000w\" data-sizes=\"auto\" data-orig-sizes=\"(max-width: 800px) 100vw, 1200px\" \/><\/a><div class=\"slide-excerpt\"><div class=\"excerpt-container\"><h2><a href=\"https:\/\/alertes-meteo.com\/index.php\/2025\/03\/25\/releve-meteo-professionnel-donnees-precises-pour-toute-la-france-metropolitaine\/\">Relev\u00e9 M\u00e9t\u00e9o Professionnel &#8211; Donn\u00e9es Pr\u00e9cises pour Toute la France M\u00e9tropolitaine<\/a><\/h2><p> Vous avez besoin de donn\u00e9es m\u00e9t\u00e9orologiques fiables pour votre projet, chantier ou analyse? Medias-weather vous fournit un relev\u00e9 m\u00e9t\u00e9orologique pr\u00e9cis et expertis\u00e9, disponible partout en France M\u00e9tropolitaine. Pourquoi choisir notre service de relev\u00e9 m\u00e9t\u00e9o? Notre service vous donne acc\u00e8s [...]<\/p><\/div><\/div><\/li><li><a href=\"https:\/\/alertes-meteo.com\/index.php\/2025\/03\/13\/bulletin-meteo-personnalise-votre-evenement-notre-expertise\/\" aria-label=\"Bulletin M\u00e9t\u00e9o Personnalis\u00e9 : Votre \u00c9v\u00e9nement, Notre Expertise\"><img decoding=\"async\" width=\"1500\" height=\"1000\" class=\"lazyload wp-image-58874\" src=\"https:\/\/alertes-meteo.com\/wp-content\/uploads\/2025\/03\/1044.jpg\" data-orig-src=\"https:\/\/alertes-meteo.com\/wp-content\/uploads\/2025\/03\/1044.jpg\" alt=\"pr\u00e9visions m\u00e9t\u00e9o\" srcset=\"data:image\/svg+xml,%3Csvg%20xmlns%3D%27http%3A%2F%2Fwww.w3.org%2F2000%2Fsvg%27%20width%3D%271500%27%20height%3D%271000%27%20viewBox%3D%270%200%201500%201000%27%3E%3Crect%20width%3D%271500%27%20height%3D%271000%27%20fill-opacity%3D%220%22%2F%3E%3C%2Fsvg%3E\" data-srcset=\"https:\/\/alertes-meteo.com\/wp-content\/uploads\/2025\/03\/1044-200x133.jpg 200w, https:\/\/alertes-meteo.com\/wp-content\/uploads\/2025\/03\/1044-400x267.jpg 400w, https:\/\/alertes-meteo.com\/wp-content\/uploads\/2025\/03\/1044-600x400.jpg 600w, https:\/\/alertes-meteo.com\/wp-content\/uploads\/2025\/03\/1044-800x533.jpg 800w, https:\/\/alertes-meteo.com\/wp-content\/uploads\/2025\/03\/1044-1200x800.jpg 1200w, https:\/\/alertes-meteo.com\/wp-content\/uploads\/2025\/03\/1044.jpg 1500w\" data-sizes=\"auto\" data-orig-sizes=\"(max-width: 800px) 100vw, 1200px\" \/><\/a><div class=\"slide-excerpt\"><div class=\"excerpt-container\"><h2><a href=\"https:\/\/alertes-meteo.com\/index.php\/2025\/03\/13\/bulletin-meteo-personnalise-votre-evenement-notre-expertise\/\">Bulletin M\u00e9t\u00e9o Personnalis\u00e9 : Votre \u00c9v\u00e9nement, Notre Expertise<\/a><\/h2><p>Bulletin M\u00e9t\u00e9o Personnalis\u00e9 - Votre M\u00e9t\u00e9o Sur Mesure Votre \u00c9v\u00e9nement M\u00e9rite Une Pr\u00e9vision M\u00e9t\u00e9o d'Expert Vous organisez un \u00e9v\u00e9nement important et la m\u00e9t\u00e9o est un facteur d\u00e9terminant pour sa r\u00e9ussite ? Nos bulletins m\u00e9t\u00e9o personnalis\u00e9s sont con\u00e7us pour r\u00e9pondre pr\u00e9cis\u00e9ment [...]<\/p><\/div><\/div><\/li><\/ul><\/div><\/div><\/div><\/div><\/div>\n","protected":false},"excerpt":{"rendered":"","protected":false},"author":1,"featured_media":15028,"comment_status":"closed","ping_status":"closed","sticky":false,"template":"","format":"standard","meta":{"_seopress_robots_primary_cat":"none","_seopress_titles_title":"Pr\u00e9paration efficace pour les alertes neige et verglas","_seopress_titles_desc":"D\u00e9couvrez comment vous pr\u00e9parer et r\u00e9agir efficacement face \u00e0 une alerte neige et verglas. Apprenez les bonnes pratiques et les consignes de s\u00e9curit\u00e9 \u00e0 respecter.","_seopress_robots_index":"","footnotes":""},"categories":[152,140],"tags":[153],"class_list":["post-15018","post","type-post","status-publish","format-standard","has-post-thumbnail","hentry","category-alertes","category-conduite","tag-alertes"],"_links":{"self":[{"href":"https:\/\/alertes-meteo.com\/index.php\/wp-json\/wp\/v2\/posts\/15018","targetHints":{"allow":["GET"]}}],"collection":[{"href":"https:\/\/alertes-meteo.com\/index.php\/wp-json\/wp\/v2\/posts"}],"about":[{"href":"https:\/\/alertes-meteo.com\/index.php\/wp-json\/wp\/v2\/types\/post"}],"author":[{"embeddable":true,"href":"https:\/\/alertes-meteo.com\/index.php\/wp-json\/wp\/v2\/users\/1"}],"replies":[{"embeddable":true,"href":"https:\/\/alertes-meteo.com\/index.php\/wp-json\/wp\/v2\/comments?post=15018"}],"version-history":[{"count":0,"href":"https:\/\/alertes-meteo.com\/index.php\/wp-json\/wp\/v2\/posts\/15018\/revisions"}],"wp:featuredmedia":[{"embeddable":true,"href":"https:\/\/alertes-meteo.com\/index.php\/wp-json\/wp\/v2\/media\/15028"}],"wp:attachment":[{"href":"https:\/\/alertes-meteo.com\/index.php\/wp-json\/wp\/v2\/media?parent=15018"}],"wp:term":[{"taxonomy":"category","embeddable":true,"href":"https:\/\/alertes-meteo.com\/index.php\/wp-json\/wp\/v2\/categories?post=15018"},{"taxonomy":"post_tag","embeddable":true,"href":"https:\/\/alertes-meteo.com\/index.php\/wp-json\/wp\/v2\/tags?post=15018"}],"curies":[{"name":"wp","href":"https:\/\/api.w.org\/{rel}","templated":true}]}}