{"id":14999,"date":"2024-02-24T21:11:24","date_gmt":"2024-02-24T20:11:24","guid":{"rendered":"https:\/\/alertes-meteo.com\/?p=14999"},"modified":"2024-02-27T12:36:06","modified_gmt":"2024-02-27T11:36:06","slug":"un-debut-semaine-tres-agitee","status":"publish","type":"post","link":"https:\/\/alertes-meteo.com\/index.php\/2024\/02\/24\/un-debut-semaine-tres-agitee\/","title":{"rendered":"Un d\u00e9but de semaine tr\u00e8s agit\u00e9e"},"content":{"rendered":"<div class=\"fusion-fullwidth fullwidth-box fusion-builder-row-1 fusion-flex-container nonhundred-percent-fullwidth non-hundred-percent-height-scrolling\" style=\"--awb-border-radius-top-left:0px;--awb-border-radius-top-right:0px;--awb-border-radius-bottom-right:0px;--awb-border-radius-bottom-left:0px;--awb-flex-wrap:wrap;\" ><div class=\"fusion-builder-row fusion-row fusion-flex-align-items-flex-start fusion-flex-content-wrap\" style=\"max-width:1302px;margin-left: calc(-5% \/ 2 );margin-right: calc(-5% \/ 2 );\"><div class=\"fusion-layout-column fusion_builder_column fusion-builder-column-0 fusion_builder_column_1_1 1_1 fusion-flex-column\" style=\"--awb-bg-blend:overlay;--awb-bg-size:cover;--awb-width-large:100%;--awb-margin-top-large:0px;--awb-spacing-right-large:2.375%;--awb-margin-bottom-large:0px;--awb-spacing-left-large:2.375%;--awb-width-medium:100%;--awb-spacing-right-medium:2.375%;--awb-spacing-left-medium:2.375%;--awb-width-small:100%;--awb-spacing-right-small:2.375%;--awb-spacing-left-small:2.375%;\"><div class=\"fusion-column-wrapper fusion-flex-justify-content-flex-start fusion-content-layout-column\"><div class=\"fusion-text fusion-text-1\"><p>La semaine prochaine devrait \u00eatre assez mouvement\u00e9e dans le sud-ouest de la France, notamment dans les Pyr\u00e9n\u00e9es-Orientales. Enfin, des pr\u00e9cipitations bienvenues sont pr\u00e9vues dans la r\u00e9gion ce lundi 26 f\u00e9vrier, avec de fortes averses qui devraient apporter 20 \u00e0 40 mm de pr\u00e9cipitations dans la r\u00e9gion du Roussillon. Cela soulagera les agriculteurs et les habitants de la r\u00e9gion, qui sont aux prises avec des conditions de s\u00e9cheresse depuis un certain temps d\u00e9j\u00e0.<\/p>\n<p>Cependant, le r\u00e9pit de la p\u00e9riode de s\u00e9cheresse sera de courte dur\u00e9e, car la tramontane va souffler fort sur la r\u00e9gion \u00e0 partir de mardi et se poursuivre tout au long de la semaine. Ces puissantes rafales de vent, dont la vitesse peut atteindre 80 \u00e0 90 km\/h, peuvent perturber les transports et les activit\u00e9s de plein air. Il est donc conseill\u00e9 de se tenir au courant des conditions m\u00e9t\u00e9orologiques et de prendre les pr\u00e9cautions n\u00e9cessaires pour rester en s\u00e9curit\u00e9.<\/p>\n<\/div><div class=\"fusion-image-element \" style=\"--awb-caption-title-font-family:var(--h2_typography-font-family);--awb-caption-title-font-weight:var(--h2_typography-font-weight);--awb-caption-title-font-style:var(--h2_typography-font-style);--awb-caption-title-size:var(--h2_typography-font-size);--awb-caption-title-transform:var(--h2_typography-text-transform);--awb-caption-title-line-height:var(--h2_typography-line-height);--awb-caption-title-letter-spacing:var(--h2_typography-letter-spacing);\"><span class=\" fusion-imageframe imageframe-none imageframe-1 hover-type-none\"><img decoding=\"async\" width=\"1420\" height=\"1018\" alt=\"Carte europ\u00e9enne des pr\u00e9cipitations accumul\u00e9es.\" title=\"2024-02-24_20h56_28\" src=\"https:\/\/alertes-meteo.com\/wp-content\/uploads\/2024\/02\/2024-02-24_20h56_28.jpg\" data-orig-src=\"https:\/\/alertes-meteo.com\/wp-content\/uploads\/2024\/02\/2024-02-24_20h56_28.jpg\" class=\"lazyload img-responsive wp-image-15003\" srcset=\"data:image\/svg+xml,%3Csvg%20xmlns%3D%27http%3A%2F%2Fwww.w3.org%2F2000%2Fsvg%27%20width%3D%271420%27%20height%3D%271018%27%20viewBox%3D%270%200%201420%201018%27%3E%3Crect%20width%3D%271420%27%20height%3D%271018%27%20fill-opacity%3D%220%22%2F%3E%3C%2Fsvg%3E\" data-srcset=\"https:\/\/alertes-meteo.com\/wp-content\/uploads\/2024\/02\/2024-02-24_20h56_28-200x143.jpg 200w, https:\/\/alertes-meteo.com\/wp-content\/uploads\/2024\/02\/2024-02-24_20h56_28-400x287.jpg 400w, https:\/\/alertes-meteo.com\/wp-content\/uploads\/2024\/02\/2024-02-24_20h56_28-600x430.jpg 600w, https:\/\/alertes-meteo.com\/wp-content\/uploads\/2024\/02\/2024-02-24_20h56_28-800x574.jpg 800w, https:\/\/alertes-meteo.com\/wp-content\/uploads\/2024\/02\/2024-02-24_20h56_28-1200x860.jpg 1200w, https:\/\/alertes-meteo.com\/wp-content\/uploads\/2024\/02\/2024-02-24_20h56_28.jpg 1420w\" data-sizes=\"auto\" data-orig-sizes=\"(max-width: 800px) 100vw, 1200px\" \/><\/span><\/div><div class=\"fusion-text fusion-text-2\"><\/div><div style=\"display:flex; justify-content:flex-start;\" class=\"fusion-twitter-timeline fusion-twitter-timeline-1 \"><a class=\"twitter-timeline\" href=\"https:\/\/twitter.com\/@MediasWeather\" data-lang=\"fr\" data-width=\"340\" data-height=\"500\" data-theme=\"light\" >Tweets by@MediasWeather<\/a>\n\t\t\t\t\t\t\t\t<script async src=\"https:\/\/platform.twitter.com\/widgets.js\" charset=\"utf-8\"><\/script><\/div><blockquote class=\"twitter-tweet\"><p lang=\"fr\" dir=\"ltr\">Apr\u00e8s un d\u00e9but de semaine prochaine possiblement encore humide, on peut \"esp\u00e9rer\" le retour de conditions plus s\u00e8ches, anticycloniques et douces \u00e0 partir de milieu de semaine prochaine. Le terme \"esp\u00e9rer\" est voulu car pour ass\u00e9cher des sols gorg\u00e9s d'eau en de nombreuses r\u00e9gions\u2026 <a href=\"https:\/\/t.co\/6wkLKZINV3\">pic.twitter.com\/6wkLKZINV3<\/a><\/p>\u2014 Extr\u00eame M\u00e9t\u00e9o (@ExtremeMeteo) <a href=\"https:\/\/twitter.com\/ExtremeMeteo\/status\/1762436113321378290?ref_src=twsrc%5Etfw\">February 27, 2024<\/a><\/blockquote> <script async src=\"https:\/\/platform.twitter.com\/widgets.js\" charset=\"utf-8\"><\/script><\/div><\/div><\/div><\/div>\n","protected":false},"excerpt":{"rendered":"","protected":false},"author":1,"featured_media":15003,"comment_status":"closed","ping_status":"closed","sticky":false,"template":"","format":"standard","meta":{"_seopress_robots_primary_cat":"none","_seopress_titles_title":"Semaine agit\u00e9e : Des Pluies et la Tramontane Forte dans le Sud-Ouest","_seopress_titles_desc":"Pr\u00e9parez-vous pour une semaine mouvement\u00e9e dans le Sud-Ouest et les PO avec des pluies abondantes sur le Roussillon et une forte Tramontane d\u00e8s mardi.","_seopress_robots_index":"","footnotes":""},"categories":[80],"tags":[],"class_list":["post-14999","post","type-post","status-publish","format-standard","has-post-thumbnail","hentry","category-actualite"],"_links":{"self":[{"href":"https:\/\/alertes-meteo.com\/index.php\/wp-json\/wp\/v2\/posts\/14999","targetHints":{"allow":["GET"]}}],"collection":[{"href":"https:\/\/alertes-meteo.com\/index.php\/wp-json\/wp\/v2\/posts"}],"about":[{"href":"https:\/\/alertes-meteo.com\/index.php\/wp-json\/wp\/v2\/types\/post"}],"author":[{"embeddable":true,"href":"https:\/\/alertes-meteo.com\/index.php\/wp-json\/wp\/v2\/users\/1"}],"replies":[{"embeddable":true,"href":"https:\/\/alertes-meteo.com\/index.php\/wp-json\/wp\/v2\/comments?post=14999"}],"version-history":[{"count":0,"href":"https:\/\/alertes-meteo.com\/index.php\/wp-json\/wp\/v2\/posts\/14999\/revisions"}],"wp:featuredmedia":[{"embeddable":true,"href":"https:\/\/alertes-meteo.com\/index.php\/wp-json\/wp\/v2\/media\/15003"}],"wp:attachment":[{"href":"https:\/\/alertes-meteo.com\/index.php\/wp-json\/wp\/v2\/media?parent=14999"}],"wp:term":[{"taxonomy":"category","embeddable":true,"href":"https:\/\/alertes-meteo.com\/index.php\/wp-json\/wp\/v2\/categories?post=14999"},{"taxonomy":"post_tag","embeddable":true,"href":"https:\/\/alertes-meteo.com\/index.php\/wp-json\/wp\/v2\/tags?post=14999"}],"curies":[{"name":"wp","href":"https:\/\/api.w.org\/{rel}","templated":true}]}}