{"id":14952,"date":"2024-02-24T18:47:03","date_gmt":"2024-02-24T17:47:03","guid":{"rendered":"https:\/\/alertes-meteo.com\/?p=14952"},"modified":"2024-02-24T18:49:08","modified_gmt":"2024-02-24T17:49:08","slug":"oscillation-nord-atlantique","status":"publish","type":"post","link":"https:\/\/alertes-meteo.com\/index.php\/2024\/02\/24\/oscillation-nord-atlantique\/","title":{"rendered":"L&rsquo;Oscillation Nord-Atlantique, qu&rsquo;est-ce que c&rsquo;est ?"},"content":{"rendered":"<div class=\"fusion-fullwidth fullwidth-box fusion-builder-row-1 fusion-flex-container nonhundred-percent-fullwidth non-hundred-percent-height-scrolling\" style=\"--awb-border-radius-top-left:0px;--awb-border-radius-top-right:0px;--awb-border-radius-bottom-right:0px;--awb-border-radius-bottom-left:0px;--awb-flex-wrap:wrap;\" ><div class=\"fusion-builder-row fusion-row fusion-flex-align-items-flex-start fusion-flex-content-wrap\" style=\"max-width:1302px;margin-left: calc(-5% \/ 2 );margin-right: calc(-5% \/ 2 );\"><div class=\"fusion-layout-column fusion_builder_column fusion-builder-column-0 fusion_builder_column_1_1 1_1 fusion-flex-column\" style=\"--awb-bg-size:cover;--awb-width-large:100%;--awb-margin-top-large:0px;--awb-spacing-right-large:2.375%;--awb-margin-bottom-large:0px;--awb-spacing-left-large:2.375%;--awb-width-medium:100%;--awb-spacing-right-medium:2.375%;--awb-spacing-left-medium:2.375%;--awb-width-small:100%;--awb-spacing-right-small:2.375%;--awb-spacing-left-small:2.375%;\"><div class=\"fusion-column-wrapper fusion-flex-justify-content-flex-start fusion-content-layout-column\"><div class=\"fusion-text fusion-text-1\"><p>En fran\u00e7ais O.N.A. : Oscillation nord atlantique.<\/p>\n<p>L&rsquo;oscillation nord atlantique (ou North Atlantic Oscillation en anglais, d&rsquo;o\u00f9 le sigle NAO), c&rsquo;est un ph\u00e9nom\u00e8ne atmosph\u00e9rique et oc\u00e9anique, qui concerne principalement l&rsquo;Atlantique Nord. On parle d&rsquo;oscillation parce qu&rsquo;il y a un va-et-vient, dans la direction nord-sud, d&rsquo;air au-dessus des r\u00e9gions arctiques et islandaises vers la ceinture subtropicale pr\u00e8s des A\u00e7ores et de la p\u00e9ninsule ib\u00e9rique. Ce va-et-vient de masse a pour cons\u00e9quences : des changements de la pression au sol (donc de l&rsquo;intensit\u00e9 et de la position de l&rsquo;anticyclone des A\u00e7ores et des d\u00e9pressions d&rsquo;Islande et de Sib\u00e9rie), de telle fa\u00e7on que quand la pression est plus \u00e9lev\u00e9e dans la ceinture subtropicale, elle est moins \u00e9lev\u00e9e au p\u00f4le, et r\u00e9ciproquement (comme un balancier) des variations des vents d&rsquo;ouest moyens des influences sur le climat (temp\u00e9ratures, pr\u00e9cipitations) tout autour du bassin atlantique, et tout particuli\u00e8rement sur l&rsquo;Europe. L&rsquo;oscillation nord atlantique est souvent caract\u00e9ris\u00e9e par un indice, l&rsquo;indice NAO.<\/p>\n<p>Un indice pour l&rsquo;Oscillation Nord-atlantique<\/p>\n<p>L&rsquo;indice de l&rsquo;oscillation nord-atlantique est calcul\u00e9 chaque ann\u00e9e \u00e0 partir de la diff\u00e9rence de pression entre Lisbonne (Portugal) et Reykjavik (Islande), en prenant l&rsquo;anomalie de pression (\u00e9cart \u00e0 la moyenne), moyenn\u00e9e de janvier \u00e0 mars et normalis\u00e9e (c&rsquo;est-\u00e0-dire divis\u00e9e par l&rsquo;\u00e9cart-type de la pression calcul\u00e9 sur une longue p\u00e9riode).<\/p>\n<p>(Source : Climatic Research Unit, University of East Anglia, UK)<\/p>\n<p>La figure repr\u00e9sente les valeurs annuelles de l&rsquo;indice NAO depuis 1830 (barres rouges ou bleues), ainsi qu&rsquo;une moyenne glissante de l&rsquo;indice sur plusieurs ann\u00e9es (trait noir \u00e9pais). Les \u00e9poques o\u00f9 l&rsquo;indice moyen est sup\u00e9rieur \u00e0 la moyenne de l&rsquo;indice sur toute la p\u00e9riode sont color\u00e9es en rouge (phase positive de la NAO), alors que les \u00e9poques o\u00f9 l&rsquo;indice moyen est inf\u00e9rieur \u00e0 la moyenne sont color\u00e9es en bleu (phase n\u00e9gative de la NAO).<\/p>\n<p>Les plus grandes variations de l&rsquo;indice ont lieu d&rsquo;une ann\u00e9e \u00e0 l&rsquo;autre, surtout \u00e0 la fin du 19\u00e8me si\u00e8cle par exemple. N\u00e9anmoins on observe clairement des p\u00e9riodes de plusieurs ann\u00e9es o\u00f9 l&rsquo;indice moyen est plut\u00f4t positif (1980-1998), et d&rsquo;autres o\u00f9 il est plut\u00f4t n\u00e9gatif (1955-1974).<\/p>\n<p>L&rsquo;augmentation de l&rsquo;indice NAO \u00e0 partir de 1989-1990 a \u00e9t\u00e9 provoqu\u00e9 par un d\u00e9placement net de masses d&rsquo;air originaires des r\u00e9gions arctiques et islandaises vers la ceinture subtropicale pr\u00e8s des A\u00e7ores et de la p\u00e9ninsule ib\u00e9rique, et ont eu pour effet de renforcer les vents d&rsquo;ouest au-dessus de l&rsquo;oc\u00e9an Atlantique Nord. Des vents d&rsquo;ouest plus forts apportent un air humide plus chaud au-dessus du continent europ\u00e9en et provoquent des hivers maritimes plus doux.<br \/>\nLes valeurs n\u00e9gatives de l&rsquo;indice de 1960 jusqu&rsquo;en 1969 ont \u00e9t\u00e9 associ\u00e9es \u00e0 des vents d&rsquo;ouest moyens plus faibles au-dessus de l&rsquo;oc\u00e9an Atlantique Nord et \u00e0 des hivers europ\u00e9ens plus froids que la normale.<br \/>\nLes variations des vents d&rsquo;ouest au-dessus de l&rsquo;Atlantique Nord sont \u00e9galement connues pour jouer un r\u00f4le important en contr\u00f4lant les \u00e9cosyst\u00e8mes oc\u00e9aniques et les stocks halieutiques (de poissons) de l&rsquo;Atlantique Nord.<\/p>\n<p>&nbsp;<\/p>\n<p>La carte de la phase positive de la NAO est obtenue en faisant la moyenne des cartes de la pression au niveau de la mer pour les ann\u00e9es o\u00f9 l&rsquo;indice NAO est positif.<br \/>\nQuand l&rsquo;indice est positif, cela signifie qu&rsquo;au cours de l&rsquo;hiver, la pression est plus \u00e9lev\u00e9e que la moyenne \u00e0 Lisbonne, et plus faible que la moyenne en Islande. Par cons\u00e9quent, l&rsquo;anticyclone des A\u00e7ores (H) est plus fort que la normale, alors que la d\u00e9pression d&rsquo;Islande (L) est plus creuse.<br \/>\nDans ces conditions, les vents d&rsquo;ouest \u00e0 sud-ouest entre les deux syst\u00e8mes sont relativement forts : temp\u00eates et coups de vent sont plus fr\u00e9quents et plus violents sur l&rsquo;Europe septentrionale, affectant \u00e9galement la moiti\u00e9 nord de la France (indiqu\u00e9 par MORE STORMS sur la carte). En contrepartie, ces r\u00e9gions b\u00e9n\u00e9ficient d&rsquo;une grande douceur apport\u00e9e par les masses d&rsquo;air oc\u00e9aniques, mais aussi de pr\u00e9cipitations accrues (WET sur la carte). Quant \u00e0 la moiti\u00e9 sud de la France, elle est \u00e0 l&rsquo;image du monde m\u00e9diterran\u00e9en : temps sec et doux (DRY sur la carte).<br \/>\nSur le nord du Canada et le Groenland, les hivers sont plut\u00f4t froids et secs, alors qu&rsquo;\u00e0 l&rsquo;est des \u00c9tats-Unis, ils sont plut\u00f4t doux et humides.<\/p>\n<\/div><div class=\"fusion-image-element \" style=\"text-align:center;--awb-caption-title-font-family:var(--h2_typography-font-family);--awb-caption-title-font-weight:var(--h2_typography-font-weight);--awb-caption-title-font-style:var(--h2_typography-font-style);--awb-caption-title-size:var(--h2_typography-font-size);--awb-caption-title-transform:var(--h2_typography-text-transform);--awb-caption-title-line-height:var(--h2_typography-line-height);--awb-caption-title-letter-spacing:var(--h2_typography-letter-spacing);\"><span class=\" fusion-imageframe imageframe-none imageframe-1 hover-type-none\"><img decoding=\"async\" width=\"543\" height=\"561\" alt=\"Globe illustrant l&#039;oscillation nord-atlantique.\" title=\"NAO\" src=\"data:image\/svg+xml,%3Csvg%20xmlns%3D%27http%3A%2F%2Fwww.w3.org%2F2000%2Fsvg%27%20width%3D%27543%27%20height%3D%27561%27%20viewBox%3D%270%200%20543%20561%27%3E%3Crect%20width%3D%27543%27%20height%3D%27561%27%20fill-opacity%3D%220%22%2F%3E%3C%2Fsvg%3E\" data-orig-src=\"https:\/\/alertes-meteo.com\/wp-content\/uploads\/2024\/02\/NAO.gif\" class=\"lazyload img-responsive wp-image-14956\"\/><\/span><\/div><div class=\"fusion-text fusion-text-2\"><p>&nbsp;<\/p>\n<p>&nbsp;<\/p>\n<\/div><div class=\"fusion-image-element \" style=\"text-align:center;--awb-caption-title-font-family:var(--h2_typography-font-family);--awb-caption-title-font-weight:var(--h2_typography-font-weight);--awb-caption-title-font-style:var(--h2_typography-font-style);--awb-caption-title-size:var(--h2_typography-font-size);--awb-caption-title-transform:var(--h2_typography-text-transform);--awb-caption-title-line-height:var(--h2_typography-line-height);--awb-caption-title-letter-spacing:var(--h2_typography-letter-spacing);\"><span class=\" fusion-imageframe imageframe-none imageframe-2 hover-type-none\"><img decoding=\"async\" width=\"640\" height=\"507\" alt=\"Carte m\u00e9t\u00e9orologique dynamique de l&#039;Atlantique Nord.\" title=\"nao-plus\" src=\"data:image\/svg+xml,%3Csvg%20xmlns%3D%27http%3A%2F%2Fwww.w3.org%2F2000%2Fsvg%27%20width%3D%27640%27%20height%3D%27507%27%20viewBox%3D%270%200%20640%20507%27%3E%3Crect%20width%3D%27640%27%20height%3D%27507%27%20fill-opacity%3D%220%22%2F%3E%3C%2Fsvg%3E\" data-orig-src=\"https:\/\/alertes-meteo.com\/wp-content\/uploads\/2024\/02\/naoplus.gif\" class=\"lazyload img-responsive wp-image-14959\"\/><\/span><\/div><div class=\"fusion-text fusion-text-3\"><p>La carte de la phase n\u00e9gative de la NAO est obtenue en faisant la moyenne des cartes de la pression au niveau de la mer pour les ann\u00e9es o\u00f9 l&rsquo;indice NAO est n\u00e9gatif.<br \/>\nUn indice n\u00e9gatif signifie que la pression associ\u00e9e \u00e0 l&rsquo;anticyclone des A\u00e7ores (H) est plus faible que sa valeur normale d&rsquo;hiver, alors que la d\u00e9pression d&rsquo;Islande (L) est \u00e0 peine plus creuse. Par cons\u00e9quent, les vents d&rsquo;ouest ne sont pas tr\u00e8s forts et les temp\u00eates sont rares (indiqu\u00e9 par FEWER STORMS sur la carte).<\/p>\n<p>De plus, les perturbations circulent plus au sud et s&rsquo;engouffrent en M\u00e9diterran\u00e9e, apportant la pluie sur ses rivages (indiqu\u00e9 par WET sur la carte). Quant au nord de l&rsquo;Europe (dont la moiti\u00e9 nord de la France), il passe sous l&rsquo;influence de l&rsquo;anticyclone de Sib\u00e9rie : l&rsquo;hiver est sec mais froid (indiqu\u00e9 par DRY sur la carte). \u00c0 la limite entre les d\u00e9pressions circulant en M\u00e9diterran\u00e9e et l&rsquo;air froid sur le nord de l&rsquo;Europe, les pr\u00e9cipitations peuvent se pr\u00e9senter sous forme de neige m\u00eame en plaines (les pr\u00e9visionnistes d\u00e9signent ce type de situation sous l&rsquo;appellation de \u00ab\u00a0retour d&rsquo;est\u00a0\u00bb).<br \/>\nLe Groenland voit des hivers plut\u00f4t doux, alors que la c\u00f4te est des \u00c9tats-Unis subit plus d&rsquo;\u00e9pisodes froids et de chutes de neige.<\/p>\n<\/div><div class=\"fusion-image-element \" style=\"text-align:center;--awb-caption-title-font-family:var(--h2_typography-font-family);--awb-caption-title-font-weight:var(--h2_typography-font-weight);--awb-caption-title-font-style:var(--h2_typography-font-style);--awb-caption-title-size:var(--h2_typography-font-size);--awb-caption-title-transform:var(--h2_typography-text-transform);--awb-caption-title-line-height:var(--h2_typography-line-height);--awb-caption-title-letter-spacing:var(--h2_typography-letter-spacing);\"><span class=\" fusion-imageframe imageframe-none imageframe-3 hover-type-none\"><img decoding=\"async\" width=\"561\" height=\"572\" alt=\"Sch\u00e9ma oscillation atlantique Nord, m\u00e9t\u00e9o.\" title=\"NAO-\" src=\"data:image\/svg+xml,%3Csvg%20xmlns%3D%27http%3A%2F%2Fwww.w3.org%2F2000%2Fsvg%27%20width%3D%27561%27%20height%3D%27572%27%20viewBox%3D%270%200%20561%20572%27%3E%3Crect%20width%3D%27561%27%20height%3D%27572%27%20fill-opacity%3D%220%22%2F%3E%3C%2Fsvg%3E\" data-orig-src=\"https:\/\/alertes-meteo.com\/wp-content\/uploads\/2024\/02\/NAO-.gif\" class=\"lazyload img-responsive wp-image-14957\"\/><\/span><\/div><div class=\"fusion-text fusion-text-4\"><p>&nbsp;<\/p>\n<p>&nbsp;<\/p>\n<\/div><div class=\"fusion-image-element \" style=\"text-align:center;--awb-caption-title-font-family:var(--h2_typography-font-family);--awb-caption-title-font-weight:var(--h2_typography-font-weight);--awb-caption-title-font-style:var(--h2_typography-font-style);--awb-caption-title-size:var(--h2_typography-font-size);--awb-caption-title-transform:var(--h2_typography-text-transform);--awb-caption-title-line-height:var(--h2_typography-line-height);--awb-caption-title-letter-spacing:var(--h2_typography-letter-spacing);\"><span class=\" fusion-imageframe imageframe-none imageframe-4 hover-type-none\"><img decoding=\"async\" width=\"642\" height=\"502\" alt=\"Carte climatique, flux oc\u00e9aniques et m\u00e9t\u00e9orologiques.\" title=\"nao &#8211;\" src=\"data:image\/svg+xml,%3Csvg%20xmlns%3D%27http%3A%2F%2Fwww.w3.org%2F2000%2Fsvg%27%20width%3D%27642%27%20height%3D%27502%27%20viewBox%3D%270%200%20642%20502%27%3E%3Crect%20width%3D%27642%27%20height%3D%27502%27%20fill-opacity%3D%220%22%2F%3E%3C%2Fsvg%3E\" data-orig-src=\"https:\/\/alertes-meteo.com\/wp-content\/uploads\/2024\/02\/naominus.gif\" class=\"lazyload img-responsive wp-image-14958\"\/><\/span><\/div><div class=\"fusion-text fusion-text-5\"><p>Indice NAO en hiver :<\/p>\n<\/div><div class=\"fusion-image-element \" style=\"text-align:center;--awb-caption-title-font-family:var(--h2_typography-font-family);--awb-caption-title-font-weight:var(--h2_typography-font-weight);--awb-caption-title-font-style:var(--h2_typography-font-style);--awb-caption-title-size:var(--h2_typography-font-size);--awb-caption-title-transform:var(--h2_typography-text-transform);--awb-caption-title-line-height:var(--h2_typography-line-height);--awb-caption-title-letter-spacing:var(--h2_typography-letter-spacing);\"><span class=\" fusion-imageframe imageframe-none imageframe-5 hover-type-none\"><img decoding=\"async\" width=\"542\" height=\"614\" alt=\"Graphiques d&#039;\u00e9volution de l&#039;indice NAO.\" title=\"2024-02-24_18h44_33\" src=\"https:\/\/alertes-meteo.com\/wp-content\/uploads\/2024\/02\/2024-02-24_18h44_33.jpg\" data-orig-src=\"https:\/\/alertes-meteo.com\/wp-content\/uploads\/2024\/02\/2024-02-24_18h44_33.jpg\" class=\"lazyload img-responsive wp-image-14969\" srcset=\"data:image\/svg+xml,%3Csvg%20xmlns%3D%27http%3A%2F%2Fwww.w3.org%2F2000%2Fsvg%27%20width%3D%27542%27%20height%3D%27614%27%20viewBox%3D%270%200%20542%20614%27%3E%3Crect%20width%3D%27542%27%20height%3D%27614%27%20fill-opacity%3D%220%22%2F%3E%3C%2Fsvg%3E\" data-srcset=\"https:\/\/alertes-meteo.com\/wp-content\/uploads\/2024\/02\/2024-02-24_18h44_33-200x227.jpg 200w, https:\/\/alertes-meteo.com\/wp-content\/uploads\/2024\/02\/2024-02-24_18h44_33-400x453.jpg 400w, https:\/\/alertes-meteo.com\/wp-content\/uploads\/2024\/02\/2024-02-24_18h44_33.jpg 542w\" data-sizes=\"auto\" data-orig-sizes=\"(max-width: 800px) 100vw, 542px\" \/><\/span><\/div><div class=\"fusion-image-element \" style=\"--awb-caption-title-font-family:var(--h2_typography-font-family);--awb-caption-title-font-weight:var(--h2_typography-font-weight);--awb-caption-title-font-style:var(--h2_typography-font-style);--awb-caption-title-size:var(--h2_typography-font-size);--awb-caption-title-transform:var(--h2_typography-text-transform);--awb-caption-title-line-height:var(--h2_typography-line-height);--awb-caption-title-letter-spacing:var(--h2_typography-letter-spacing);\"><span class=\" fusion-imageframe imageframe-none imageframe-6 hover-type-none\"><img decoding=\"async\" width=\"1219\" height=\"493\" alt=\"Graphique b\u00e2tons NOA, 1860-1990.\" title=\"NOA-tableau\" src=\"https:\/\/alertes-meteo.com\/wp-content\/uploads\/2024\/02\/2024-02-24_18h35_03.jpg\" data-orig-src=\"https:\/\/alertes-meteo.com\/wp-content\/uploads\/2024\/02\/2024-02-24_18h35_03.jpg\" class=\"lazyload img-responsive wp-image-14964\" srcset=\"data:image\/svg+xml,%3Csvg%20xmlns%3D%27http%3A%2F%2Fwww.w3.org%2F2000%2Fsvg%27%20width%3D%271219%27%20height%3D%27493%27%20viewBox%3D%270%200%201219%20493%27%3E%3Crect%20width%3D%271219%27%20height%3D%27493%27%20fill-opacity%3D%220%22%2F%3E%3C%2Fsvg%3E\" data-srcset=\"https:\/\/alertes-meteo.com\/wp-content\/uploads\/2024\/02\/2024-02-24_18h35_03-200x81.jpg 200w, https:\/\/alertes-meteo.com\/wp-content\/uploads\/2024\/02\/2024-02-24_18h35_03-400x162.jpg 400w, https:\/\/alertes-meteo.com\/wp-content\/uploads\/2024\/02\/2024-02-24_18h35_03-600x243.jpg 600w, https:\/\/alertes-meteo.com\/wp-content\/uploads\/2024\/02\/2024-02-24_18h35_03-800x324.jpg 800w, https:\/\/alertes-meteo.com\/wp-content\/uploads\/2024\/02\/2024-02-24_18h35_03-1200x485.jpg 1200w, https:\/\/alertes-meteo.com\/wp-content\/uploads\/2024\/02\/2024-02-24_18h35_03.jpg 1219w\" data-sizes=\"auto\" data-orig-sizes=\"(max-width: 800px) 100vw, 1200px\" \/><\/span><\/div><\/div><\/div><\/div><\/div>\n","protected":false},"excerpt":{"rendered":"","protected":false},"author":1,"featured_media":0,"comment_status":"closed","ping_status":"closed","sticky":false,"template":"","format":"standard","meta":{"_seopress_robots_primary_cat":"none","_seopress_titles_title":"Comprendre l\u2019Oscillation Nord-Atlantique et ses impacts en hiver","_seopress_titles_desc":"D\u00e9couvrez l&#039;influence de l&#039;oscillation nord-atlantique sur la m\u00e9t\u00e9o en 2024. Rendez-vous sur Alertes-m\u00e9t\u00e9o pour obtenir des pr\u00e9visions m\u00e9t\u00e9o d\u00e9taill\u00e9es.","_seopress_robots_index":"","footnotes":""},"categories":[132],"tags":[],"class_list":["post-14952","post","type-post","status-publish","format-standard","hentry","category-phenomenes-meteo"],"_links":{"self":[{"href":"https:\/\/alertes-meteo.com\/index.php\/wp-json\/wp\/v2\/posts\/14952","targetHints":{"allow":["GET"]}}],"collection":[{"href":"https:\/\/alertes-meteo.com\/index.php\/wp-json\/wp\/v2\/posts"}],"about":[{"href":"https:\/\/alertes-meteo.com\/index.php\/wp-json\/wp\/v2\/types\/post"}],"author":[{"embeddable":true,"href":"https:\/\/alertes-meteo.com\/index.php\/wp-json\/wp\/v2\/users\/1"}],"replies":[{"embeddable":true,"href":"https:\/\/alertes-meteo.com\/index.php\/wp-json\/wp\/v2\/comments?post=14952"}],"version-history":[{"count":0,"href":"https:\/\/alertes-meteo.com\/index.php\/wp-json\/wp\/v2\/posts\/14952\/revisions"}],"wp:attachment":[{"href":"https:\/\/alertes-meteo.com\/index.php\/wp-json\/wp\/v2\/media?parent=14952"}],"wp:term":[{"taxonomy":"category","embeddable":true,"href":"https:\/\/alertes-meteo.com\/index.php\/wp-json\/wp\/v2\/categories?post=14952"},{"taxonomy":"post_tag","embeddable":true,"href":"https:\/\/alertes-meteo.com\/index.php\/wp-json\/wp\/v2\/tags?post=14952"}],"curies":[{"name":"wp","href":"https:\/\/api.w.org\/{rel}","templated":true}]}}